{"id":17890,"date":"2016-12-13T07:23:51","date_gmt":"2016-12-13T08:23:51","guid":{"rendered":"http:\/\/www.lespetitesjoiesdelavielondonienne.com\/?p=17890"},"modified":"2018-07-20T12:37:35","modified_gmt":"2018-07-20T13:37:35","slug":"une-journee-a-porto","status":"publish","type":"post","link":"https:\/\/www.lespetitesjoiesdelavielondonienne.com\/en\/une-journee-a-porto\/","title":{"rendered":"Une journ\u00e9e \u00e0 Porto"},"content":{"rendered":"<p style=\"text-align: justify;\">Alors que No\u00ebl bat son plein \u00e0 Londres et partout ailleurs, j&#8217;ai d\u00e9cid\u00e9 de faire un mini break et de prendre quelques degr\u00e9s et couleurs de plus en parlant de l&#8217;un de mes week-ends les plus marquants de 2016.<\/p>\n<p style=\"text-align: justify;\">En 2016, l&#8217;une de mes meilleures amies s&#8217;est mari\u00e9e en grandes pompes, alors notre super groupe de t\u00e9moins lui avons organis\u00e9 un EVJF \u00e0 la hauteur de l&#8217;\u00e9v\u00e8nement. Les EVJF, c&#8217;est l&#8217;activit\u00e9 typique de la trentaine &#8211; bien qu&#8217;il n&#8217;y ait pas d&#8217;\u00e2ge pour partir en faire bien \u00e9videmment &#8211; et c&#8217;est d&#8217;ailleurs une autre des <a href=\"http:\/\/www.lespetitesjoiesdelavielondonienne.com\/30-bonnes-raisons-daimer-avoir-30-ans\/\" target=\"_blank\" rel=\"noopener\">bonnes raisons d&#8217;aimer avoir 30 ans<\/a>.<\/p>\n<p style=\"text-align: justify;\">Ce sont toujours des moments m\u00e9morables dans des destinations et des conditions qui le sont tout autant, entour\u00e9es de nos amies les plus proches ou des amies de nos amies.\u00a0 Comment r\u00e9unir plus de crit\u00e8res pour un week-end r\u00e9ussi?<\/p>\n<p style=\"text-align: justify;\">Et celui l\u00e0 n&#8217;a encore pas \u00e9chapp\u00e9 \u00e0 la r\u00e8gle.<br \/>\nPorto c&#8217;est une excellente destination pour un EVJF, mais un EVJF ce n&#8217;est pas la meilleure situation pour visiter une ville. Alors pour profiter au maximum de cette magnifique ville, je suis arriv\u00e9e au petit matin, avant mes acolytes, et j&#8217;ai profit\u00e9 au max de <strong>Porto en une journ\u00e9e<\/strong>. Ce n&#8217;est pas beaucoup, mais c&#8217;est assez pour se faire une vraie belle id\u00e9e de cette jolie ville.<\/p>\n<h1 id=\"une-journee-a-porto\" style=\"text-align: justify;\">Une journ\u00e9e \u00e0 Porto<\/h1>\n<p class=\"r\" style=\"text-align: justify;\">Me voil\u00e0 donc \u00e0 l&#8217;a\u00e9roport international de Porto, tr\u00e8s bien desservi depuis Londres. Un ticket de m\u00e9tro \u00e0 moins de 2\u20ac et 20 bonnes minutes plus tard, me voil\u00e0 \u00e0 Sao Bento, nez \u00e0 nez avec l&#8217;\u00e9glise San Antonio de los Congregados. Pas mal pour un d\u00e9but.<\/p>\n<p class=\"r\" style=\"text-align: justify;\">Avec un si beau d\u00e9part, je me d\u00e9cide donc \u00e0 partir compl\u00e8tement au hasard, et les surprises sont de tailles. Porto, c&#8217;est le coup de c\u0153ur imm\u00e9diat. Comment r\u00e9sister?<\/p>\n<h2 id=\"sao-bento-et-le-centre-ville\" class=\"r\" style=\"text-align: justify;\">Sao Bento et le centre ville<\/h2>\n<p class=\"r\" style=\"text-align: justify;\"><img fetchpriority=\"high\" decoding=\"async\" class=\"aligncenter size-full wp-image-17965\" src=\"http:\/\/www.lespetitesjoiesdelavielondonienne.com\/wp-content\/uploads\/2016\/12\/IMG_0782.jpg\" alt=\"Une-journ\u00e9e-a-Porto-1\" width=\"2500\" height=\"4087\" \/><\/p>\n<p class=\"r\" style=\"text-align: justify;\"><img decoding=\"async\" class=\"aligncenter size-full wp-image-17966\" src=\"http:\/\/www.lespetitesjoiesdelavielondonienne.com\/wp-content\/uploads\/2016\/12\/IMG_0783.jpg\" alt=\"Une-Journee-a-Porto-2\" width=\"2500\" height=\"3333\" \/><\/p>\n<p class=\"r\" style=\"text-align: justify;\"><img decoding=\"async\" class=\"aligncenter size-full wp-image-17968\" src=\"http:\/\/www.lespetitesjoiesdelavielondonienne.com\/wp-content\/uploads\/2016\/12\/IMG_0785.jpg\" alt=\"Une-Journee-a-Porto-2\" width=\"2500\" height=\"3333\" \/><\/p>\n<p class=\"r\" style=\"text-align: justify;\"><img loading=\"lazy\" decoding=\"async\" class=\"aligncenter size-full wp-image-17969\" src=\"http:\/\/www.lespetitesjoiesdelavielondonienne.com\/wp-content\/uploads\/2016\/12\/IMG_0786.jpg\" alt=\"Une-Journee-a-Porto-3\" width=\"2500\" height=\"1545\" \/><\/p>\n<p class=\"r\" style=\"text-align: justify;\"><img loading=\"lazy\" decoding=\"async\" class=\"aligncenter size-full wp-image-17971\" src=\"http:\/\/www.lespetitesjoiesdelavielondonienne.com\/wp-content\/uploads\/2016\/12\/IMG_0788.jpg\" alt=\"Une-Journee-a-Porto-4\" width=\"2500\" height=\"3333\" \/><\/p>\n<p class=\"r\" style=\"text-align: justify;\"><img loading=\"lazy\" decoding=\"async\" class=\"aligncenter size-full wp-image-17974\" src=\"http:\/\/www.lespetitesjoiesdelavielondonienne.com\/wp-content\/uploads\/2016\/12\/IMG_0791.jpg\" alt=\"img_0791\" width=\"2500\" height=\"1002\" \/><\/p>\n<p class=\"r\" style=\"text-align: justify;\"><img loading=\"lazy\" decoding=\"async\" class=\"aligncenter size-full wp-image-17973\" src=\"http:\/\/www.lespetitesjoiesdelavielondonienne.com\/wp-content\/uploads\/2016\/12\/IMG_0790.jpg\" alt=\"img_0790\" width=\"2500\" height=\"2499\" \/><\/p>\n<p class=\"r\" style=\"text-align: justify;\"><img loading=\"lazy\" decoding=\"async\" class=\"aligncenter size-full wp-image-17975\" src=\"http:\/\/www.lespetitesjoiesdelavielondonienne.com\/wp-content\/uploads\/2016\/12\/IMG_0792.jpg\" alt=\"img_0792\" width=\"2500\" height=\"1545\" \/><\/p>\n<p class=\"r\" style=\"text-align: justify;\"><img loading=\"lazy\" decoding=\"async\" class=\"aligncenter size-full wp-image-17976\" src=\"http:\/\/www.lespetitesjoiesdelavielondonienne.com\/wp-content\/uploads\/2016\/12\/IMG_0793.jpg\" alt=\"img_0793\" width=\"2500\" height=\"2499\" \/><\/p>\n<p class=\"r\" style=\"text-align: justify;\"><img loading=\"lazy\" decoding=\"async\" class=\"aligncenter size-full wp-image-17977\" src=\"http:\/\/www.lespetitesjoiesdelavielondonienne.com\/wp-content\/uploads\/2016\/12\/IMG_0794.jpg\" alt=\"img_0794\" width=\"2500\" height=\"1545\" \/><\/p>\n<p class=\"r\" style=\"text-align: justify;\"><img loading=\"lazy\" decoding=\"async\" class=\"aligncenter size-full wp-image-17978\" src=\"http:\/\/www.lespetitesjoiesdelavielondonienne.com\/wp-content\/uploads\/2016\/12\/IMG_0795.jpg\" alt=\"img_0795\" width=\"2500\" height=\"3333\" \/><\/p>\n<p class=\"r\" style=\"text-align: justify;\"><img loading=\"lazy\" decoding=\"async\" class=\"aligncenter size-full wp-image-17979\" src=\"http:\/\/www.lespetitesjoiesdelavielondonienne.com\/wp-content\/uploads\/2016\/12\/IMG_0796.jpg\" alt=\"img_0796\" width=\"2500\" height=\"1875\" \/><\/p>\n<p class=\"r\" style=\"text-align: justify;\">Je n&#8217;avais fait qu&#8217;une rue que la ville m&#8217;avait d\u00e9j\u00e0 compl\u00e8tement bluff\u00e9. Moi qui pensais que seule <a href=\"http:\/\/www.lespetitesjoiesdelavielondonienne.com\/3-jours-a-prague\/\" target=\"_blank\" rel=\"noopener\">Prague<\/a> pouvait me faire un tel effet en Europe, il faut croire que le charme des villes du sud que j&#8217;aime tant a fait son effet.<\/p>\n<p class=\"r\" style=\"text-align: justify;\">Je continue donc dans le centre en direction de la mer, un peu au hasard des rues, avec pour destination finale le jardin du Palais Cristal dont j&#8217;avais lu des avis particuli\u00e8rement positifs.<\/p>\n<p class=\"r\" style=\"text-align: justify;\"><img loading=\"lazy\" decoding=\"async\" class=\"aligncenter size-full wp-image-17980\" src=\"http:\/\/www.lespetitesjoiesdelavielondonienne.com\/wp-content\/uploads\/2016\/12\/IMG_0797.jpg\" alt=\"img_0797\" width=\"2500\" height=\"1545\" \/><\/p>\n<p class=\"r\" style=\"text-align: justify;\"><img loading=\"lazy\" decoding=\"async\" class=\"aligncenter size-full wp-image-17981\" src=\"http:\/\/www.lespetitesjoiesdelavielondonienne.com\/wp-content\/uploads\/2016\/12\/IMG_0798.jpg\" alt=\"img_0798\" width=\"2500\" height=\"1545\" \/><\/p>\n<p class=\"r\" style=\"text-align: justify;\"><img loading=\"lazy\" decoding=\"async\" class=\"aligncenter size-full wp-image-17982\" src=\"http:\/\/www.lespetitesjoiesdelavielondonienne.com\/wp-content\/uploads\/2016\/12\/IMG_0799.jpg\" alt=\"img_0799\" width=\"2500\" height=\"1545\" \/><\/p>\n<p class=\"r\" style=\"text-align: justify;\"><img loading=\"lazy\" decoding=\"async\" class=\"aligncenter size-full wp-image-17983\" src=\"http:\/\/www.lespetitesjoiesdelavielondonienne.com\/wp-content\/uploads\/2016\/12\/IMG_0800.jpg\" alt=\"img_0800\" width=\"2500\" height=\"1545\" \/><\/p>\n<p class=\"r\" style=\"text-align: justify;\"><img loading=\"lazy\" decoding=\"async\" class=\"aligncenter size-full wp-image-17984\" src=\"http:\/\/www.lespetitesjoiesdelavielondonienne.com\/wp-content\/uploads\/2016\/12\/IMG_0801.jpg\" alt=\"img_0801\" width=\"2500\" height=\"1545\" \/><\/p>\n<h2 id=\"les-jardins-du-palais-cristal\" class=\"r\" style=\"text-align: justify;\">Les Jardins du Palais Cristal<\/h2>\n<p style=\"text-align: justify;\">Pour acc\u00e9der \u00e0 ces jardins, disons le, j&#8217;ai bien gal\u00e9r\u00e9. Je me suis un peu perdue, mais par 25 degr\u00e9s sous un si beau soleil, c&#8217;\u00e9tait plut\u00f4t un plaisir. Un plaisir qui m&#8217;a aussi permis de tomber sur ce petit bar \u00e0 la vue plut\u00f4t pas mal. Pas besoin d&#8217;aller sur des rooftops de luxe quand un peu prendre un caf\u00e9 avec une vue aussi incroyable sur la ville.<\/p>\n<p style=\"text-align: justify;\"><img loading=\"lazy\" decoding=\"async\" class=\"aligncenter size-full wp-image-17985\" src=\"http:\/\/www.lespetitesjoiesdelavielondonienne.com\/wp-content\/uploads\/2016\/12\/IMG_0802.jpg\" alt=\"img_0802\" width=\"2500\" height=\"1545\" \/><\/p>\n<p style=\"text-align: justify;\">Et me voil\u00e0 enfin arriv\u00e9e aux jardins du Palais Cristal. Pour vous \u00e9viter un d\u00e9tour inutile, surtout si vous visiter Porto en une journ\u00e9e seulement, l&#8217;entr\u00e9e officielle se situe sur la rue de Dom Manuel II, mais il existe plein de petites entr\u00e9es dispatch\u00e9es autour.<\/p>\n<p style=\"text-align: justify;\">Les jardins sont bien \u00e0 la hauteur de ce que j&#8217;avais pu lire, d&#8217;une beaut\u00e9 incroyable. Le point de vue sur Porto est splendide, surement le plus beau (raison pour laquelle j&#8217;avais eu envie d&#8217;y aller d&#8217;ailleurs), et les jardins et cr\u00e9ations florales sont tous parfaitement entretenus et soign\u00e9s.<\/p>\n<p style=\"text-align: justify;\">Un vrai bonheur de se balader dans cet incroyable parc.<\/p>\n<p style=\"text-align: justify;\"><img loading=\"lazy\" decoding=\"async\" class=\"aligncenter size-full wp-image-17986\" src=\"http:\/\/www.lespetitesjoiesdelavielondonienne.com\/wp-content\/uploads\/2016\/12\/IMG_0803.jpg\" alt=\"img_0803\" width=\"2500\" height=\"1545\" \/><\/p>\n<p style=\"text-align: justify;\"><img loading=\"lazy\" decoding=\"async\" class=\"aligncenter size-full wp-image-17987\" src=\"http:\/\/www.lespetitesjoiesdelavielondonienne.com\/wp-content\/uploads\/2016\/12\/IMG_0804.jpg\" alt=\"img_0804\" width=\"2500\" height=\"3333\" \/><\/p>\n<p style=\"text-align: justify;\"><img loading=\"lazy\" decoding=\"async\" class=\"aligncenter size-full wp-image-17989\" src=\"http:\/\/www.lespetitesjoiesdelavielondonienne.com\/wp-content\/uploads\/2016\/12\/IMG_0806.jpg\" alt=\"img_0806\" width=\"2500\" height=\"2500\" \/><\/p>\n<p style=\"text-align: justify;\"><img loading=\"lazy\" decoding=\"async\" class=\"aligncenter size-full wp-image-17988\" src=\"http:\/\/www.lespetitesjoiesdelavielondonienne.com\/wp-content\/uploads\/2016\/12\/IMG_0805.jpg\" alt=\"img_0805\" width=\"2500\" height=\"3333\" \/><\/p>\n<p style=\"text-align: justify;\"><img loading=\"lazy\" decoding=\"async\" class=\"aligncenter size-full wp-image-17990\" src=\"http:\/\/www.lespetitesjoiesdelavielondonienne.com\/wp-content\/uploads\/2016\/12\/IMG_0807.jpg\" alt=\"img_0807\" width=\"2500\" height=\"1545\" \/><\/p>\n<p style=\"text-align: justify;\"><img loading=\"lazy\" decoding=\"async\" class=\"aligncenter size-full wp-image-17991\" src=\"http:\/\/www.lespetitesjoiesdelavielondonienne.com\/wp-content\/uploads\/2016\/12\/IMG_0808.jpg\" alt=\"img_0808\" width=\"2500\" height=\"3333\" \/><\/p>\n<p style=\"text-align: justify;\"><img loading=\"lazy\" decoding=\"async\" class=\"aligncenter size-full wp-image-17992\" src=\"http:\/\/www.lespetitesjoiesdelavielondonienne.com\/wp-content\/uploads\/2016\/12\/IMG_0809.jpg\" alt=\"img_0809\" width=\"2500\" height=\"2500\" \/><\/p>\n<p style=\"text-align: justify;\"><img loading=\"lazy\" decoding=\"async\" class=\"aligncenter size-full wp-image-17993\" src=\"http:\/\/www.lespetitesjoiesdelavielondonienne.com\/wp-content\/uploads\/2016\/12\/IMG_0810.jpg\" alt=\"img_0810\" width=\"2500\" height=\"1545\" \/><\/p>\n<p style=\"text-align: justify;\"><img loading=\"lazy\" decoding=\"async\" class=\"aligncenter size-full wp-image-17994\" src=\"http:\/\/www.lespetitesjoiesdelavielondonienne.com\/wp-content\/uploads\/2016\/12\/IMG_0811.jpg\" alt=\"img_0811\" width=\"2500\" height=\"3333\" \/><\/p>\n<p style=\"text-align: justify;\"><img loading=\"lazy\" decoding=\"async\" class=\"aligncenter size-full wp-image-17995\" src=\"http:\/\/www.lespetitesjoiesdelavielondonienne.com\/wp-content\/uploads\/2016\/12\/IMG_0812.jpg\" alt=\"img_0812\" width=\"2500\" height=\"1545\" \/><\/p>\n<p style=\"text-align: justify;\"><img loading=\"lazy\" decoding=\"async\" class=\"aligncenter size-full wp-image-17996\" src=\"http:\/\/www.lespetitesjoiesdelavielondonienne.com\/wp-content\/uploads\/2016\/12\/IMG_0813.jpg\" alt=\"img_0813\" width=\"2500\" height=\"1545\" \/><\/p>\n<p style=\"text-align: justify;\"><img loading=\"lazy\" decoding=\"async\" class=\"aligncenter size-full wp-image-17997\" src=\"http:\/\/www.lespetitesjoiesdelavielondonienne.com\/wp-content\/uploads\/2016\/12\/IMG_0814.jpg\" alt=\"img_0814\" width=\"2500\" height=\"1545\" \/><\/p>\n<p style=\"text-align: justify;\"><img loading=\"lazy\" decoding=\"async\" class=\"aligncenter size-full wp-image-17998\" src=\"http:\/\/www.lespetitesjoiesdelavielondonienne.com\/wp-content\/uploads\/2016\/12\/IMG_0815.jpg\" alt=\"Une-journ\u00e9e-\u00e0-Porto-\" width=\"2500\" height=\"1545\" \/><\/p>\n<p style=\"text-align: justify;\"><img loading=\"lazy\" decoding=\"async\" class=\"aligncenter size-full wp-image-17999\" src=\"http:\/\/www.lespetitesjoiesdelavielondonienne.com\/wp-content\/uploads\/2016\/12\/IMG_0816.jpg\" alt=\"img_0816\" width=\"2500\" height=\"1545\" \/><\/p>\n<p style=\"text-align: justify;\"><img loading=\"lazy\" decoding=\"async\" class=\"aligncenter size-full wp-image-18000\" src=\"http:\/\/www.lespetitesjoiesdelavielondonienne.com\/wp-content\/uploads\/2016\/12\/IMG_0817.jpg\" alt=\"img_0817\" width=\"2500\" height=\"1545\" \/><\/p>\n<h2 id=\"la-ribeira-et-les-spots-incontournables\" style=\"text-align: justify;\">La Ribeira et les spots incontournables<\/h2>\n<p style=\"text-align: justify;\">Apr\u00e8s cette petite escapade calme et romantique, il \u00e9tait temps d&#8217;aller affronter la foute en allant jeter un coup d&#8217;oeil au quartier le plus connu de Porto, le quartier de la Ribeira, class\u00e9 au patrimoine mondial de l&#8217;Unesco depuis 1995, et quartier historique qui a vu na\u00eetre la ville.<\/p>\n<p style=\"text-align: justify;\">Encore une fois, absolument splendide, chaleureux et color\u00e9.<\/p>\n<p style=\"text-align: justify;\"><img loading=\"lazy\" decoding=\"async\" class=\"aligncenter size-full wp-image-18002\" src=\"http:\/\/www.lespetitesjoiesdelavielondonienne.com\/wp-content\/uploads\/2016\/12\/IMG_0819.jpg\" alt=\"img_0819\" width=\"2500\" height=\"2500\" \/><\/p>\n<p style=\"text-align: justify;\"><img loading=\"lazy\" decoding=\"async\" class=\"aligncenter size-full wp-image-18001\" src=\"http:\/\/www.lespetitesjoiesdelavielondonienne.com\/wp-content\/uploads\/2016\/12\/IMG_0818.jpg\" alt=\"img_0818\" width=\"2500\" height=\"3333\" \/><\/p>\n<p style=\"text-align: justify;\"><img loading=\"lazy\" decoding=\"async\" class=\"aligncenter size-full wp-image-18004\" src=\"http:\/\/www.lespetitesjoiesdelavielondonienne.com\/wp-content\/uploads\/2016\/12\/IMG_0821.jpg\" alt=\"img_0821\" width=\"2500\" height=\"1545\" \/><\/p>\n<p style=\"text-align: justify;\"><img loading=\"lazy\" decoding=\"async\" class=\"aligncenter size-full wp-image-18003\" src=\"http:\/\/www.lespetitesjoiesdelavielondonienne.com\/wp-content\/uploads\/2016\/12\/IMG_0820.jpg\" alt=\"img_0820\" width=\"2500\" height=\"3333\" \/><\/p>\n<p style=\"text-align: justify;\"><img loading=\"lazy\" decoding=\"async\" class=\"aligncenter size-full wp-image-18006\" src=\"http:\/\/www.lespetitesjoiesdelavielondonienne.com\/wp-content\/uploads\/2016\/12\/IMG_0823.jpg\" alt=\"img_0823\" width=\"2500\" height=\"1545\" \/><\/p>\n<p style=\"text-align: justify;\"><img loading=\"lazy\" decoding=\"async\" class=\"aligncenter size-full wp-image-18007\" src=\"http:\/\/www.lespetitesjoiesdelavielondonienne.com\/wp-content\/uploads\/2016\/12\/IMG_0824.jpg\" alt=\"img_0824\" width=\"2500\" height=\"1545\" \/><\/p>\n<p style=\"text-align: justify;\"><img loading=\"lazy\" decoding=\"async\" class=\"aligncenter size-full wp-image-18008\" src=\"http:\/\/www.lespetitesjoiesdelavielondonienne.com\/wp-content\/uploads\/2016\/12\/IMG_0825.jpg\" alt=\"img_0825\" width=\"2500\" height=\"1545\" \/><\/p>\n<p style=\"text-align: justify;\"><img loading=\"lazy\" decoding=\"async\" class=\"aligncenter size-full wp-image-18009\" src=\"http:\/\/www.lespetitesjoiesdelavielondonienne.com\/wp-content\/uploads\/2016\/12\/IMG_0826.jpg\" alt=\"img_0826\" width=\"2500\" height=\"1545\" \/><\/p>\n<p style=\"text-align: justify;\"><img loading=\"lazy\" decoding=\"async\" class=\"aligncenter size-full wp-image-18010\" src=\"http:\/\/www.lespetitesjoiesdelavielondonienne.com\/wp-content\/uploads\/2016\/12\/IMG_0827.jpg\" alt=\"img_0827\" width=\"2500\" height=\"855\" \/><\/p>\n<p style=\"text-align: justify;\"><img loading=\"lazy\" decoding=\"async\" class=\"aligncenter size-full wp-image-18012\" src=\"http:\/\/www.lespetitesjoiesdelavielondonienne.com\/wp-content\/uploads\/2016\/12\/IMG_0829.jpg\" alt=\"img_0829\" width=\"2500\" height=\"1545\" \/><\/p>\n<p style=\"text-align: justify;\"><img loading=\"lazy\" decoding=\"async\" class=\"aligncenter size-full wp-image-18013\" src=\"http:\/\/www.lespetitesjoiesdelavielondonienne.com\/wp-content\/uploads\/2016\/12\/IMG_0830.jpg\" alt=\"img_0830\" width=\"2500\" height=\"1545\" \/><\/p>\n<p style=\"text-align: justify;\"><img loading=\"lazy\" decoding=\"async\" class=\"aligncenter size-full wp-image-18014\" src=\"http:\/\/www.lespetitesjoiesdelavielondonienne.com\/wp-content\/uploads\/2016\/12\/IMG_0831.jpg\" alt=\"img_0831\" width=\"2500\" height=\"1545\" \/><\/p>\n<p style=\"text-align: justify;\"><img loading=\"lazy\" decoding=\"async\" class=\"aligncenter size-full wp-image-18015\" src=\"http:\/\/www.lespetitesjoiesdelavielondonienne.com\/wp-content\/uploads\/2016\/12\/IMG_0832.jpg\" alt=\"img_0832\" width=\"2500\" height=\"1545\" \/><\/p>\n<p style=\"text-align: justify;\">En remontant vers le nord du centre ville, j&#8217;en profite pour fl\u00e2ner et me perdre dans les rues, histoire de continuer \u00e0 m&#8217;impr\u00e9gner de cette atmosph\u00e8re si chaleureuse.<\/p>\n<p style=\"text-align: justify;\">Chaque rue, maison, fa\u00e7ade semble \u00eatre une sorte de pi\u00e8ce d&#8217;art. Le charme du sud par excellence.<\/p>\n<p style=\"text-align: justify;\">Et en remontant, j&#8217;arrive tr\u00e8s vite vers la Tour du Clerg\u00e9, l&#8217;un des symboles de la ville, duquel on peut d&#8217;ailleurs observer la ville en haut du cloch\u00e9. Je ne l&#8217;ai pas fait mais vous avez largement le temps de le faire le temps d&#8217;une journ\u00e9e \u00e0 Porto.<\/p>\n<p style=\"text-align: justify;\"><img loading=\"lazy\" decoding=\"async\" class=\"aligncenter size-full wp-image-18016\" src=\"http:\/\/www.lespetitesjoiesdelavielondonienne.com\/wp-content\/uploads\/2016\/12\/IMG_0833.jpg\" alt=\"img_0833\" width=\"2500\" height=\"1545\" \/><\/p>\n<p style=\"text-align: justify;\"><img loading=\"lazy\" decoding=\"async\" class=\"aligncenter size-full wp-image-18017\" src=\"http:\/\/www.lespetitesjoiesdelavielondonienne.com\/wp-content\/uploads\/2016\/12\/IMG_0834.jpg\" alt=\"img_0834\" width=\"2500\" height=\"3333\" \/><\/p>\n<p style=\"text-align: justify;\"><img loading=\"lazy\" decoding=\"async\" class=\"aligncenter size-full wp-image-18018\" src=\"http:\/\/www.lespetitesjoiesdelavielondonienne.com\/wp-content\/uploads\/2016\/12\/IMG_0835.jpg\" alt=\"img_0835\" width=\"2500\" height=\"1545\" \/><\/p>\n<p style=\"text-align: justify;\"><img loading=\"lazy\" decoding=\"async\" class=\"aligncenter size-full wp-image-18019\" src=\"http:\/\/www.lespetitesjoiesdelavielondonienne.com\/wp-content\/uploads\/2016\/12\/IMG_0836.jpg\" alt=\"img_0836\" width=\"2500\" height=\"3333\" \/><\/p>\n<p style=\"text-align: justify;\"><img loading=\"lazy\" decoding=\"async\" class=\"aligncenter size-full wp-image-18021\" src=\"http:\/\/www.lespetitesjoiesdelavielondonienne.com\/wp-content\/uploads\/2016\/12\/IMG_0838.jpg\" alt=\"img_0838\" width=\"2500\" height=\"1545\" \/><\/p>\n<p style=\"text-align: justify;\"><img loading=\"lazy\" decoding=\"async\" class=\"aligncenter size-full wp-image-18020\" src=\"http:\/\/www.lespetitesjoiesdelavielondonienne.com\/wp-content\/uploads\/2016\/12\/IMG_0837.jpg\" alt=\"img_0837\" width=\"2500\" height=\"3333\" \/><\/p>\n<h2 id=\"la-plage\" style=\"text-align: justify;\">La plage<\/h2>\n<p style=\"text-align: justify;\">Impossible d&#8217;aller \u00e0 un EVJF \u00e0 Porto sans faire un tour par la plage. Cela n&#8217;est pas rentr\u00e9 dans le cadre de ma visite d&#8217;une journ\u00e9e \u00e0 Porto, mais si vous \u00eatre bien organis\u00e9, il est tr\u00e8s simple de s&#8217;y rendre, surtout depuis les jardins du Palace Cristal. <span class=\"im\"><span lang=\"DE\">Pour s\u2019y rendre cependant, mieux vaut s&#8217;y rendre en taxi, ou louer une voiture si vous restez un peu plus longtemps, pour pouvoir visiter les environs, tr\u00e8s pratique aussi. Si vous ne savez pas par o\u00f9 commencer, il existe des comparateurs de location de voiture tels que <a href=\"https:\/\/www.carigami.fr\/louer-porto.html\" target=\"_blank\" rel=\"noopener\">Carigami<\/a>, le moyen le plus simple de trouver son bonheur et explorer les environs!<br \/>\n<\/span><\/span><\/p>\n<p style=\"text-align: justify;\"><img loading=\"lazy\" decoding=\"async\" class=\"aligncenter size-full wp-image-18025\" src=\"http:\/\/www.lespetitesjoiesdelavielondonienne.com\/wp-content\/uploads\/2016\/12\/IMG_0842.jpg\" alt=\"img_0842\" width=\"2500\" height=\"1545\" \/><\/p>\n<p style=\"text-align: justify;\"><img loading=\"lazy\" decoding=\"async\" class=\"aligncenter size-full wp-image-18024\" src=\"http:\/\/www.lespetitesjoiesdelavielondonienne.com\/wp-content\/uploads\/2016\/12\/IMG_0841.jpg\" alt=\"img_0841\" width=\"2500\" height=\"2500\" \/><\/p>\n<p style=\"text-align: justify;\"><img loading=\"lazy\" decoding=\"async\" class=\"aligncenter size-full wp-image-18023\" src=\"http:\/\/www.lespetitesjoiesdelavielondonienne.com\/wp-content\/uploads\/2016\/12\/IMG_0840.jpg\" alt=\"img_0840\" width=\"2500\" height=\"1545\" \/><\/p>\n<h2 id=\"degustation-de-porto\" style=\"text-align: justify;\">D\u00e9gustation de Porto<\/h2>\n<p style=\"text-align: justify;\">Autre activit\u00e9 incontournable lors d&#8217;une journ\u00e9e \u00e0 Porto, une d\u00e9gustation du c\u00e9l\u00e8bre vin local.<\/p>\n<p style=\"text-align: justify;\">Des dizaines de caves sont \u00e0 votre disposition pour vous faire partager les plaisirs de ce vin sucr\u00e9. Nous avions opt\u00e9 pour les caves <strong>Sanderman<\/strong> qui semblent-ils soient parmi les plus c\u00e9l\u00e8bres et anciennes, et surtout id\u00e9alement situ\u00e9es au bord de l&#8217;eau et en face des Ribeira pour prolonger les d\u00e9gustation sur une terrasse et admirer le coucher du soleil.<\/p>\n<p style=\"text-align: justify;\"><img loading=\"lazy\" decoding=\"async\" class=\"aligncenter size-full wp-image-18026\" src=\"http:\/\/www.lespetitesjoiesdelavielondonienne.com\/wp-content\/uploads\/2016\/12\/IMG_0843.jpg\" alt=\"img_0843\" width=\"2500\" height=\"1874\" \/><\/p>\n<p style=\"text-align: justify;\"><img loading=\"lazy\" decoding=\"async\" class=\"aligncenter size-full wp-image-18027\" src=\"http:\/\/www.lespetitesjoiesdelavielondonienne.com\/wp-content\/uploads\/2016\/12\/IMG_0844.jpg\" alt=\"img_0844\" width=\"2500\" height=\"1545\" \/><\/p>\n<p style=\"text-align: justify;\"><img loading=\"lazy\" decoding=\"async\" class=\"aligncenter size-full wp-image-18028\" src=\"http:\/\/www.lespetitesjoiesdelavielondonienne.com\/wp-content\/uploads\/2016\/12\/IMG_0845.jpg\" alt=\"img_0845\" width=\"2500\" height=\"2499\" \/><\/p>\n<p style=\"text-align: justify;\"><img loading=\"lazy\" decoding=\"async\" class=\"aligncenter size-full wp-image-18029\" src=\"http:\/\/www.lespetitesjoiesdelavielondonienne.com\/wp-content\/uploads\/2016\/12\/IMG_0846.jpg\" alt=\"img_0846\" width=\"2500\" height=\"1545\" \/><\/p>\n<p style=\"text-align: justify;\"><img loading=\"lazy\" decoding=\"async\" class=\"aligncenter size-full wp-image-18030\" src=\"http:\/\/www.lespetitesjoiesdelavielondonienne.com\/wp-content\/uploads\/2016\/12\/IMG_0847.jpg\" alt=\"img_0847\" width=\"2500\" height=\"1545\" \/><\/p>\n<p style=\"text-align: justify;\"><img loading=\"lazy\" decoding=\"async\" class=\"aligncenter size-full wp-image-18032\" src=\"http:\/\/www.lespetitesjoiesdelavielondonienne.com\/wp-content\/uploads\/2016\/12\/IMG_0849.jpg\" alt=\"img_0849\" width=\"2500\" height=\"1545\" \/><\/p>\n<p style=\"text-align: justify;\"><img loading=\"lazy\" decoding=\"async\" class=\"aligncenter size-full wp-image-18033\" src=\"http:\/\/www.lespetitesjoiesdelavielondonienne.com\/wp-content\/uploads\/2016\/12\/IMG_0850.jpg\" alt=\"img_0850\" width=\"2500\" height=\"1106\" \/><\/p>\n<p style=\"text-align: justify;\"><img loading=\"lazy\" decoding=\"async\" class=\"size-full wp-image-18031\" src=\"http:\/\/www.lespetitesjoiesdelavielondonienne.com\/wp-content\/uploads\/2016\/12\/IMG_0848.jpg\" alt=\"img_0848\" width=\"2500\" height=\"1545\" \/><\/p>\n","protected":false},"excerpt":{"rendered":"<p>Alors que No\u00ebl bat son plein \u00e0 Londres et partout ailleurs, j&#8217;ai d\u00e9cid\u00e9 de faire un&#8230;<\/p>","protected":false},"author":1,"featured_media":0,"comment_status":"open","ping_status":"open","sticky":false,"template":"","format":"standard","meta":{"_monsterinsights_skip_tracking":false,"_monsterinsights_sitenote_active":false,"_monsterinsights_sitenote_note":"","_monsterinsights_sitenote_category":0,"footnotes":""},"categories":[2677],"tags":[],"location":[],"class_list":["post-17890","post","type-post","status-publish","format-standard","hentry","category-voyages-en-europe"],"translation":{"provider":"WPGlobus","version":"3.0.2","language":"en","enabled_languages":["fr","en"],"languages":{"fr":{"title":true,"content":true,"excerpt":false},"en":{"title":false,"content":false,"excerpt":false}}},"yoast_head":"<!-- This site is optimized with the Yoast SEO plugin v26.7 - https:\/\/yoast.com\/wordpress\/plugins\/seo\/ -->\n<title>Une journ\u00e9e \u00e0 Porto - Les petites joies de la vie londonienne<\/title>\n<meta name=\"robots\" content=\"index, follow, max-snippet:-1, max-image-preview:large, max-video-preview:-1\" \/>\n<link rel=\"canonical\" href=\"https:\/\/www.lespetitesjoiesdelavielondonienne.com\/en\/une-journee-a-porto\/\" \/>\n<meta property=\"og:locale\" content=\"en_GB\" \/>\n<meta property=\"og:type\" content=\"article\" \/>\n<meta property=\"og:title\" content=\"Une journ\u00e9e \u00e0 Porto - Les petites joies de la vie londonienne\" \/>\n<meta property=\"og:url\" content=\"https:\/\/www.lespetitesjoiesdelavielondonienne.com\/en\/une-journee-a-porto\/\" \/>\n<meta property=\"og:site_name\" content=\"Les petites joies de la vie londonienne\" \/>\n<meta property=\"article:publisher\" content=\"http:\/\/facebook.com\/lespetitesjoiesdelavielondoni%e2%80%a6\" \/>\n<meta property=\"article:published_time\" content=\"2016-12-13T08:23:51+00:00\" \/>\n<meta property=\"article:modified_time\" content=\"2018-07-20T13:37:35+00:00\" \/>\n<meta property=\"og:image\" content=\"http:\/\/www.lespetitesjoiesdelavielondonienne.com\/wp-content\/uploads\/2016\/12\/IMG_0782.jpg\" \/>\n<meta name=\"author\" content=\"Elodie\" \/>\n<meta name=\"twitter:label1\" content=\"Written by\" \/>\n\t<meta name=\"twitter:data1\" content=\"Elodie\" \/>\n\t<meta name=\"twitter:label2\" content=\"Est. reading time\" \/>\n\t<meta name=\"twitter:data2\" content=\"5 minutes\" \/>\n<script type=\"application\/ld+json\" class=\"yoast-schema-graph\">{\"@context\":\"https:\/\/schema.org\",\"@graph\":[{\"@type\":\"Article\",\"@id\":\"https:\/\/www.lespetitesjoiesdelavielondonienne.com\/en\/une-journee-a-porto\/#article\",\"isPartOf\":{\"@id\":\"https:\/\/www.lespetitesjoiesdelavielondonienne.com\/en\/une-journee-a-porto\/\"},\"author\":{\"name\":\"Elodie\",\"@id\":\"https:\/\/www.lespetitesjoiesdelavielondonienne.com\/#\/schema\/person\/2eed35f0aac099445e89940d9e5c9bc8\"},\"headline\":\"Une journ\u00e9e \u00e0 Porto\",\"datePublished\":\"2016-12-13T08:23:51+00:00\",\"dateModified\":\"2018-07-20T13:37:35+00:00\",\"mainEntityOfPage\":{\"@id\":\"https:\/\/www.lespetitesjoiesdelavielondonienne.com\/en\/une-journee-a-porto\/\"},\"wordCount\":948,\"commentCount\":0,\"publisher\":{\"@id\":\"https:\/\/www.lespetitesjoiesdelavielondonienne.com\/#organization\"},\"image\":{\"@id\":\"https:\/\/www.lespetitesjoiesdelavielondonienne.com\/en\/une-journee-a-porto\/#primaryimage\"},\"thumbnailUrl\":\"http:\/\/www.lespetitesjoiesdelavielondonienne.com\/wp-content\/uploads\/2016\/12\/IMG_0782.jpg\",\"articleSection\":[\"Voyages en Europe\"],\"inLanguage\":\"en-GB\",\"potentialAction\":[{\"@type\":\"CommentAction\",\"name\":\"Comment\",\"target\":[\"https:\/\/www.lespetitesjoiesdelavielondonienne.com\/en\/une-journee-a-porto\/#respond\"]}]},{\"@type\":\"WebPage\",\"@id\":\"https:\/\/www.lespetitesjoiesdelavielondonienne.com\/en\/une-journee-a-porto\/\",\"url\":\"https:\/\/www.lespetitesjoiesdelavielondonienne.com\/en\/une-journee-a-porto\/\",\"name\":\"Une journ\u00e9e \u00e0 Porto - Les petites joies de la vie londonienne\",\"isPartOf\":{\"@id\":\"https:\/\/www.lespetitesjoiesdelavielondonienne.com\/#website\"},\"primaryImageOfPage\":{\"@id\":\"https:\/\/www.lespetitesjoiesdelavielondonienne.com\/en\/une-journee-a-porto\/#primaryimage\"},\"image\":{\"@id\":\"https:\/\/www.lespetitesjoiesdelavielondonienne.com\/en\/une-journee-a-porto\/#primaryimage\"},\"thumbnailUrl\":\"http:\/\/www.lespetitesjoiesdelavielondonienne.com\/wp-content\/uploads\/2016\/12\/IMG_0782.jpg\",\"datePublished\":\"2016-12-13T08:23:51+00:00\",\"dateModified\":\"2018-07-20T13:37:35+00:00\",\"description\":\"Alors que No\u00ebl bat son plein \u00e0 Londres et partout ailleurs, j'ai d\u00e9cid\u00e9 de faire un mini break et de prendre quelques degr\u00e9s et couleurs de plus en\",\"breadcrumb\":{\"@id\":\"https:\/\/www.lespetitesjoiesdelavielondonienne.com\/en\/une-journee-a-porto\/#breadcrumb\"},\"inLanguage\":\"en-GB\",\"potentialAction\":[{\"@type\":\"ReadAction\",\"target\":[\"https:\/\/www.lespetitesjoiesdelavielondonienne.com\/en\/une-journee-a-porto\/\"]}]},{\"@type\":\"ImageObject\",\"inLanguage\":\"en-GB\",\"@id\":\"https:\/\/www.lespetitesjoiesdelavielondonienne.com\/en\/une-journee-a-porto\/#primaryimage\",\"url\":\"http:\/\/www.lespetitesjoiesdelavielondonienne.com\/wp-content\/uploads\/2016\/12\/IMG_0782.jpg\",\"contentUrl\":\"http:\/\/www.lespetitesjoiesdelavielondonienne.com\/wp-content\/uploads\/2016\/12\/IMG_0782.jpg\"},{\"@type\":\"BreadcrumbList\",\"@id\":\"https:\/\/www.lespetitesjoiesdelavielondonienne.com\/en\/une-journee-a-porto\/#breadcrumb\",\"itemListElement\":[{\"@type\":\"ListItem\",\"position\":1,\"name\":\"Home\",\"item\":\"https:\/\/www.lespetitesjoiesdelavielondonienne.com\/\"},{\"@type\":\"ListItem\",\"position\":2,\"name\":\"Voyages\",\"item\":\"http:\/\/www.lespetitesjoiesdelavielondonienne.com\/voyages\/\"},{\"@type\":\"ListItem\",\"position\":3,\"name\":\"Voyages en Europe\",\"item\":\"http:\/\/www.lespetitesjoiesdelavielondonienne.com\/voyages\/voyages-en-europe\/\"},{\"@type\":\"ListItem\",\"position\":4,\"name\":\"Une journ\u00e9e \u00e0 Porto\"}]},{\"@type\":\"WebSite\",\"@id\":\"https:\/\/www.lespetitesjoiesdelavielondonienne.com\/#website\",\"url\":\"https:\/\/www.lespetitesjoiesdelavielondonienne.com\/\",\"name\":\"Les petites joies de la vie londonienne\",\"description\":\"London lifestyle and French expat life\",\"publisher\":{\"@id\":\"https:\/\/www.lespetitesjoiesdelavielondonienne.com\/#organization\"},\"potentialAction\":[{\"@type\":\"SearchAction\",\"target\":{\"@type\":\"EntryPoint\",\"urlTemplate\":\"https:\/\/www.lespetitesjoiesdelavielondonienne.com\/?s={search_term_string}\"},\"query-input\":{\"@type\":\"PropertyValueSpecification\",\"valueRequired\":true,\"valueName\":\"search_term_string\"}}],\"inLanguage\":\"en-GB\"},{\"@type\":\"Organization\",\"@id\":\"https:\/\/www.lespetitesjoiesdelavielondonienne.com\/#organization\",\"name\":\"Les petites joies de la vie londonienne\",\"url\":\"https:\/\/www.lespetitesjoiesdelavielondonienne.com\/\",\"logo\":{\"@type\":\"ImageObject\",\"inLanguage\":\"en-GB\",\"@id\":\"https:\/\/www.lespetitesjoiesdelavielondonienne.com\/#\/schema\/logo\/image\/\",\"url\":\"http:\/\/www.lespetitesjoiesdelavielondonienne.com\/wp-content\/uploads\/2017\/07\/header-logo.png\",\"contentUrl\":\"http:\/\/www.lespetitesjoiesdelavielondonienne.com\/wp-content\/uploads\/2017\/07\/header-logo.png\",\"width\":405,\"height\":282,\"caption\":\"Les petites joies de la vie londonienne\"},\"image\":{\"@id\":\"https:\/\/www.lespetitesjoiesdelavielondonienne.com\/#\/schema\/logo\/image\/\"},\"sameAs\":[\"http:\/\/facebook.com\/lespetitesjoiesdelavielondoni\u2026\",\"https:\/\/x.com\/elodie_ldn\",\"http:\/\/instagram.com\/elodie_london\/\"]},{\"@type\":\"Person\",\"@id\":\"https:\/\/www.lespetitesjoiesdelavielondonienne.com\/#\/schema\/person\/2eed35f0aac099445e89940d9e5c9bc8\",\"name\":\"Elodie\",\"image\":{\"@type\":\"ImageObject\",\"inLanguage\":\"en-GB\",\"@id\":\"https:\/\/www.lespetitesjoiesdelavielondonienne.com\/#\/schema\/person\/image\/\",\"url\":\"https:\/\/secure.gravatar.com\/avatar\/7e83970a952fbc504124150f6435f9d5?s=96&d=mm&r=g\",\"contentUrl\":\"https:\/\/secure.gravatar.com\/avatar\/7e83970a952fbc504124150f6435f9d5?s=96&d=mm&r=g\",\"caption\":\"Elodie\"},\"description\":\"Expatri\u00e9e \u00e0 Londres depuis plus de 7 ans je profite et partage des \\\"petites joies\\\" que la vie londonienne et vie d'expat ont \u00e0 offrir. La semaine, je travaille en Marketing Digital, certains soirs et week-end, je suis professeur de yoga, le reste du temps, j'alimente le blog avec toujours autant de plaisir. Ce blog est \u00e0 l'image de ce rythme: Dynamique, yin et yang, f\u00e9minin et Londonien.\",\"sameAs\":[\"http:\/\/www.lespetitesjoiesdelavielondonienne.com\"]}]}<\/script>\n<!-- \/ Yoast SEO plugin. -->","yoast_head_json":{"title":"Une journ\u00e9e \u00e0 Porto - Les petites joies de la vie londonienne","robots":{"index":"index","follow":"follow","max-snippet":"max-snippet:-1","max-image-preview":"max-image-preview:large","max-video-preview":"max-video-preview:-1"},"canonical":"https:\/\/www.lespetitesjoiesdelavielondonienne.com\/en\/une-journee-a-porto\/","og_locale":"en_GB","og_type":"article","og_title":"Une journ\u00e9e \u00e0 Porto - Les petites joies de la vie londonienne","og_url":"https:\/\/www.lespetitesjoiesdelavielondonienne.com\/en\/une-journee-a-porto\/","og_site_name":"Les petites joies de la vie londonienne","article_publisher":"http:\/\/facebook.com\/lespetitesjoiesdelavielondoni%e2%80%a6","article_published_time":"2016-12-13T08:23:51+00:00","article_modified_time":"2018-07-20T13:37:35+00:00","og_image":[{"url":"http:\/\/www.lespetitesjoiesdelavielondonienne.com\/wp-content\/uploads\/2016\/12\/IMG_0782.jpg","type":"","width":"","height":""}],"author":"Elodie","twitter_misc":{"Written by":"Elodie","Est. reading time":"5 minutes"},"schema":{"@context":"https:\/\/schema.org","@graph":[{"@type":"Article","@id":"https:\/\/www.lespetitesjoiesdelavielondonienne.com\/en\/une-journee-a-porto\/#article","isPartOf":{"@id":"https:\/\/www.lespetitesjoiesdelavielondonienne.com\/en\/une-journee-a-porto\/"},"author":{"name":"Elodie","@id":"https:\/\/www.lespetitesjoiesdelavielondonienne.com\/#\/schema\/person\/2eed35f0aac099445e89940d9e5c9bc8"},"headline":"Une journ\u00e9e \u00e0 Porto","datePublished":"2016-12-13T08:23:51+00:00","dateModified":"2018-07-20T13:37:35+00:00","mainEntityOfPage":{"@id":"https:\/\/www.lespetitesjoiesdelavielondonienne.com\/en\/une-journee-a-porto\/"},"wordCount":948,"commentCount":0,"publisher":{"@id":"https:\/\/www.lespetitesjoiesdelavielondonienne.com\/#organization"},"image":{"@id":"https:\/\/www.lespetitesjoiesdelavielondonienne.com\/en\/une-journee-a-porto\/#primaryimage"},"thumbnailUrl":"http:\/\/www.lespetitesjoiesdelavielondonienne.com\/wp-content\/uploads\/2016\/12\/IMG_0782.jpg","articleSection":["Voyages en Europe"],"inLanguage":"en-GB","potentialAction":[{"@type":"CommentAction","name":"Comment","target":["https:\/\/www.lespetitesjoiesdelavielondonienne.com\/en\/une-journee-a-porto\/#respond"]}]},{"@type":"WebPage","@id":"https:\/\/www.lespetitesjoiesdelavielondonienne.com\/en\/une-journee-a-porto\/","url":"https:\/\/www.lespetitesjoiesdelavielondonienne.com\/en\/une-journee-a-porto\/","name":"Une journ\u00e9e \u00e0 Porto - Les petites joies de la vie londonienne","isPartOf":{"@id":"https:\/\/www.lespetitesjoiesdelavielondonienne.com\/#website"},"primaryImageOfPage":{"@id":"https:\/\/www.lespetitesjoiesdelavielondonienne.com\/en\/une-journee-a-porto\/#primaryimage"},"image":{"@id":"https:\/\/www.lespetitesjoiesdelavielondonienne.com\/en\/une-journee-a-porto\/#primaryimage"},"thumbnailUrl":"http:\/\/www.lespetitesjoiesdelavielondonienne.com\/wp-content\/uploads\/2016\/12\/IMG_0782.jpg","datePublished":"2016-12-13T08:23:51+00:00","dateModified":"2018-07-20T13:37:35+00:00","description":"Alors que No\u00ebl bat son plein \u00e0 Londres et partout ailleurs, j'ai d\u00e9cid\u00e9 de faire un mini break et de prendre quelques degr\u00e9s et couleurs de plus en","breadcrumb":{"@id":"https:\/\/www.lespetitesjoiesdelavielondonienne.com\/en\/une-journee-a-porto\/#breadcrumb"},"inLanguage":"en-GB","potentialAction":[{"@type":"ReadAction","target":["https:\/\/www.lespetitesjoiesdelavielondonienne.com\/en\/une-journee-a-porto\/"]}]},{"@type":"ImageObject","inLanguage":"en-GB","@id":"https:\/\/www.lespetitesjoiesdelavielondonienne.com\/en\/une-journee-a-porto\/#primaryimage","url":"http:\/\/www.lespetitesjoiesdelavielondonienne.com\/wp-content\/uploads\/2016\/12\/IMG_0782.jpg","contentUrl":"http:\/\/www.lespetitesjoiesdelavielondonienne.com\/wp-content\/uploads\/2016\/12\/IMG_0782.jpg"},{"@type":"BreadcrumbList","@id":"https:\/\/www.lespetitesjoiesdelavielondonienne.com\/en\/une-journee-a-porto\/#breadcrumb","itemListElement":[{"@type":"ListItem","position":1,"name":"Home","item":"https:\/\/www.lespetitesjoiesdelavielondonienne.com\/"},{"@type":"ListItem","position":2,"name":"Voyages","item":"http:\/\/www.lespetitesjoiesdelavielondonienne.com\/voyages\/"},{"@type":"ListItem","position":3,"name":"Voyages en Europe","item":"http:\/\/www.lespetitesjoiesdelavielondonienne.com\/voyages\/voyages-en-europe\/"},{"@type":"ListItem","position":4,"name":"Une journ\u00e9e \u00e0 Porto"}]},{"@type":"WebSite","@id":"https:\/\/www.lespetitesjoiesdelavielondonienne.com\/#website","url":"https:\/\/www.lespetitesjoiesdelavielondonienne.com\/","name":"Les petites joies de la vie londonienne","description":"London lifestyle and French expat life","publisher":{"@id":"https:\/\/www.lespetitesjoiesdelavielondonienne.com\/#organization"},"potentialAction":[{"@type":"SearchAction","target":{"@type":"EntryPoint","urlTemplate":"https:\/\/www.lespetitesjoiesdelavielondonienne.com\/?s={search_term_string}"},"query-input":{"@type":"PropertyValueSpecification","valueRequired":true,"valueName":"search_term_string"}}],"inLanguage":"en-GB"},{"@type":"Organization","@id":"https:\/\/www.lespetitesjoiesdelavielondonienne.com\/#organization","name":"Les petites joies de la vie londonienne","url":"https:\/\/www.lespetitesjoiesdelavielondonienne.com\/","logo":{"@type":"ImageObject","inLanguage":"en-GB","@id":"https:\/\/www.lespetitesjoiesdelavielondonienne.com\/#\/schema\/logo\/image\/","url":"http:\/\/www.lespetitesjoiesdelavielondonienne.com\/wp-content\/uploads\/2017\/07\/header-logo.png","contentUrl":"http:\/\/www.lespetitesjoiesdelavielondonienne.com\/wp-content\/uploads\/2017\/07\/header-logo.png","width":405,"height":282,"caption":"Les petites joies de la vie londonienne"},"image":{"@id":"https:\/\/www.lespetitesjoiesdelavielondonienne.com\/#\/schema\/logo\/image\/"},"sameAs":["http:\/\/facebook.com\/lespetitesjoiesdelavielondoni\u2026","https:\/\/x.com\/elodie_ldn","http:\/\/instagram.com\/elodie_london\/"]},{"@type":"Person","@id":"https:\/\/www.lespetitesjoiesdelavielondonienne.com\/#\/schema\/person\/2eed35f0aac099445e89940d9e5c9bc8","name":"Elodie","image":{"@type":"ImageObject","inLanguage":"en-GB","@id":"https:\/\/www.lespetitesjoiesdelavielondonienne.com\/#\/schema\/person\/image\/","url":"https:\/\/secure.gravatar.com\/avatar\/7e83970a952fbc504124150f6435f9d5?s=96&d=mm&r=g","contentUrl":"https:\/\/secure.gravatar.com\/avatar\/7e83970a952fbc504124150f6435f9d5?s=96&d=mm&r=g","caption":"Elodie"},"description":"Expatri\u00e9e \u00e0 Londres depuis plus de 7 ans je profite et partage des \"petites joies\" que la vie londonienne et vie d'expat ont \u00e0 offrir. La semaine, je travaille en Marketing Digital, certains soirs et week-end, je suis professeur de yoga, le reste du temps, j'alimente le blog avec toujours autant de plaisir. Ce blog est \u00e0 l'image de ce rythme: Dynamique, yin et yang, f\u00e9minin et Londonien.","sameAs":["http:\/\/www.lespetitesjoiesdelavielondonienne.com"]}]}},"_links":{"self":[{"href":"https:\/\/www.lespetitesjoiesdelavielondonienne.com\/en\/wp-json\/wp\/v2\/posts\/17890","targetHints":{"allow":["GET"]}}],"collection":[{"href":"https:\/\/www.lespetitesjoiesdelavielondonienne.com\/en\/wp-json\/wp\/v2\/posts"}],"about":[{"href":"https:\/\/www.lespetitesjoiesdelavielondonienne.com\/en\/wp-json\/wp\/v2\/types\/post"}],"author":[{"embeddable":true,"href":"https:\/\/www.lespetitesjoiesdelavielondonienne.com\/en\/wp-json\/wp\/v2\/users\/1"}],"replies":[{"embeddable":true,"href":"https:\/\/www.lespetitesjoiesdelavielondonienne.com\/en\/wp-json\/wp\/v2\/comments?post=17890"}],"version-history":[{"count":0,"href":"https:\/\/www.lespetitesjoiesdelavielondonienne.com\/en\/wp-json\/wp\/v2\/posts\/17890\/revisions"}],"wp:attachment":[{"href":"https:\/\/www.lespetitesjoiesdelavielondonienne.com\/en\/wp-json\/wp\/v2\/media?parent=17890"}],"wp:term":[{"taxonomy":"category","embeddable":true,"href":"https:\/\/www.lespetitesjoiesdelavielondonienne.com\/en\/wp-json\/wp\/v2\/categories?post=17890"},{"taxonomy":"post_tag","embeddable":true,"href":"https:\/\/www.lespetitesjoiesdelavielondonienne.com\/en\/wp-json\/wp\/v2\/tags?post=17890"},{"taxonomy":"location","embeddable":true,"href":"https:\/\/www.lespetitesjoiesdelavielondonienne.com\/en\/wp-json\/wp\/v2\/location?post=17890"}],"curies":[{"name":"wp","href":"https:\/\/api.w.org\/{rel}","templated":true}]}}