{"id":11707,"date":"2015-10-21T06:39:44","date_gmt":"2015-10-21T07:39:44","guid":{"rendered":"http:\/\/www.lespetitesjoiesdelavielondonienne.com\/?p=11707"},"modified":"2018-07-13T06:52:58","modified_gmt":"2018-07-13T07:52:58","slug":"extension-dete-en-terres-valenciennes","status":"publish","type":"post","link":"https:\/\/www.lespetitesjoiesdelavielondonienne.com\/en\/extension-dete-en-terres-valenciennes\/","title":{"rendered":"Extension d&#8217;\u00e9t\u00e9 en terres Valenciennes"},"content":{"rendered":"<p style=\"text-align: justify;\">La r\u00e8gle pour grapiller quelques degr\u00e9s de plus quand on vit \u00e0 Londres, c&#8217;est de partir au soleil. Pas besoin de faire 10 heures de vols pour prolonger l&#8217;\u00e9t\u00e9, il suffit d&#8217;aller en Espagne. Le deuxi\u00e8me pays anglais en Europe. Presque. Et pour la premi\u00e8re fois, je suis all\u00e9e passer quelques jours dans la r\u00e9gion\u00a0de Valence, que je ne connaissais pas du tout.<\/p>\n<p style=\"text-align: justify;\">Il y a 2 ans, nous \u00e9tions partis <a href=\"http:\/\/www.lespetitesjoiesdelavielondonienne.com\/quelques-jours-a-marrakech\/\" target=\"_blank\" rel=\"noopener\">quelques jours \u00e0 Marrakech<\/a> pour profiter de la douceur du printemps avant l&#8217;heure. Cette fois, c&#8217;est avec l&#8217;Espagne que j&#8217;ai trich\u00e9, et en rentrant\u00a0 en Angleterre, j&#8217;\u00e9tais vraiment pr\u00eate\u00a0pour affronter le changement de saison, profiter des &#8220;<a href=\"http:\/\/www.lespetitesjoiesdelavielondonienne.com\/les-petites-joies-de-lautomne\/\" target=\"_blank\" rel=\"noopener\">petites joies de l&#8217;automne \u00e0 Londres<\/a>&#8221; et ressortir les manteaux et v\u00eatements cosy.<br \/>\n28 degr\u00e9s fin septembre, il faut dire que \u00e7a faisait bien\u00a0longtemps que \u00e7a ne m&#8217;\u00e9tait pas arriv\u00e9. M\u00eame en plein \u00e9t\u00e9 \u00e0 Londres d&#8217;ailleurs&#8230; (Enfin n&#8217;oublions pas la &#8220;<a href=\"http:\/\/www.lespetitesjoiesdelavielondonienne.com\/les-petites-joies-de-la-heatwave-londonienne\/\" target=\"_blank\" rel=\"noopener\">heatwave<\/a>&#8221; d&#8217;une journ\u00e9e que nous avons eu cet \u00e9t\u00e9&#8230;).<\/p>\n<p style=\"text-align: justify;\">Direction Valence depuis Gatwick donc. 2h de vol environ, easy.<\/p>\n<h1 id=\"oliva-le-charme-espagnol-a-letat-brut\" style=\"text-align: justify;\">Oliva, le charme espagnol \u00e0 l&#8217;\u00e9tat brut<\/h1>\n<p style=\"text-align: justify;\">Les premiers pas sur le sol espagnol ont le m\u00e9rite de me procurer un choc climatique, tout comme le reste du s\u00e9jour qui m&#8217;offrira un agr\u00e9able choc visuel pour le moins inattendu.<\/p>\n<p style=\"text-align: justify;\"><img fetchpriority=\"high\" decoding=\"async\" class=\"aligncenter size-large wp-image-11614\" src=\"http:\/\/www.lespetitesjoiesdelavielondonienne.com\/wp-content\/uploads\/2015\/10\/Oliva-3-1024x633.jpg\" alt=\"Oliva-3\" width=\"960\" height=\"593\" \/><\/p>\n<p style=\"text-align: justify;\"><img decoding=\"async\" class=\"aligncenter size-large wp-image-11613\" src=\"http:\/\/www.lespetitesjoiesdelavielondonienne.com\/wp-content\/uploads\/2015\/10\/Oliva-4-1024x633.jpg\" alt=\"Oliva-4\" width=\"960\" height=\"593\" \/><\/p>\n<p style=\"text-align: justify;\">C&#8217;est \u00e0 Oliva, petite ville de 26 000\u00a0habitants au sud de Valence que je s\u00e9journerai. Le charme \u00e0 l&#8217;espagnole.<br \/>\nAmbiance locale d\u00e9tendue, rues color\u00e9es et ciel bleu vif sans aucun nuage \u00e0 l&#8217;horizon. Que demander de plus.<\/p>\n<p style=\"text-align: justify;\"><img decoding=\"async\" class=\"aligncenter size-large wp-image-11612\" src=\"http:\/\/www.lespetitesjoiesdelavielondonienne.com\/wp-content\/uploads\/2015\/10\/Oliva-6-1024x633.jpg\" alt=\"Oliva-6\" width=\"960\" height=\"593\" \/><\/p>\n<p style=\"text-align: justify;\"><img loading=\"lazy\" decoding=\"async\" class=\"aligncenter size-large wp-image-11610\" src=\"http:\/\/www.lespetitesjoiesdelavielondonienne.com\/wp-content\/uploads\/2015\/10\/Oliva-8-1024x633.jpg\" alt=\"Oliva-8\" width=\"960\" height=\"593\" \/><\/p>\n<p style=\"text-align: justify;\"><img loading=\"lazy\" decoding=\"async\" class=\"aligncenter size-large wp-image-11609\" src=\"http:\/\/www.lespetitesjoiesdelavielondonienne.com\/wp-content\/uploads\/2015\/10\/Oliva-9-1024x633.jpg\" alt=\"Oliva-9\" width=\"960\" height=\"593\" \/><\/p>\n<p style=\"text-align: justify;\">Je me fais embarquer pour une visite guid\u00e9e, et en particulier une balade le long de &#8220;El Raval&#8221;, l&#8217;ancien quartier arabe et l&#8217;une des balades touristiques les plus pris\u00e9es de la r\u00e9gion de part son lien avec l&#8217;histoire de la r\u00e9gion Valenciennes. Et vu la beaut\u00e9 du d\u00e9cor, je comprends pourquoi.<\/p>\n<p style=\"text-align: justify;\">On se balade \u00e0 travers les petites ruelles aux couleurs chaudes et gorg\u00e9es de lumi\u00e8re en suivant l&#8217;itin\u00e9raire, tr\u00e8s bien indiqu\u00e9, on croise de nombreux toits aux briques bleu roi, magnifiques, et on se retrouve de plus en plus en hauteur, sur la colline avec un point de vue parfait. Les montagnes d&#8217;un c\u00f4t\u00e9, la ville au centre, et la mer \u00e0 perte de vue en fond. Je vous laisse admirer.<\/p>\n<p style=\"text-align: justify;\"><img loading=\"lazy\" decoding=\"async\" class=\"aligncenter size-large wp-image-11608\" src=\"http:\/\/www.lespetitesjoiesdelavielondonienne.com\/wp-content\/uploads\/2015\/10\/Oliva-10-1024x633.jpg\" alt=\"Oliva-10\" width=\"960\" height=\"593\" \/><\/p>\n<p style=\"text-align: justify;\"><img loading=\"lazy\" decoding=\"async\" class=\"aligncenter size-large wp-image-11604\" src=\"http:\/\/www.lespetitesjoiesdelavielondonienne.com\/wp-content\/uploads\/2015\/10\/Oliva-11-1024x633.jpg\" alt=\"Oliva-11\" width=\"960\" height=\"593\" \/><\/p>\n<p style=\"text-align: justify;\"><img loading=\"lazy\" decoding=\"async\" class=\"aligncenter size-large wp-image-11603\" src=\"http:\/\/www.lespetitesjoiesdelavielondonienne.com\/wp-content\/uploads\/2015\/10\/Oliva-13-1024x633.jpg\" alt=\"Oliva-13\" width=\"960\" height=\"593\" \/><\/p>\n<p style=\"text-align: justify;\"><img loading=\"lazy\" decoding=\"async\" class=\"aligncenter size-large wp-image-11601\" src=\"http:\/\/www.lespetitesjoiesdelavielondonienne.com\/wp-content\/uploads\/2015\/10\/Oliva-16-1024x633.jpg\" alt=\"Oliva-16\" width=\"960\" height=\"593\" \/><\/p>\n<p style=\"text-align: justify;\"><img loading=\"lazy\" decoding=\"async\" class=\"aligncenter size-large wp-image-11600\" src=\"http:\/\/www.lespetitesjoiesdelavielondonienne.com\/wp-content\/uploads\/2015\/10\/Oliva-17-1024x633.jpg\" alt=\"Oliva-17\" width=\"960\" height=\"593\" \/><\/p>\n<p style=\"text-align: justify;\"><img loading=\"lazy\" decoding=\"async\" class=\"aligncenter size-large wp-image-11599\" src=\"http:\/\/www.lespetitesjoiesdelavielondonienne.com\/wp-content\/uploads\/2015\/10\/Oliva-18-1024x633.jpg\" alt=\"Oliva-18\" width=\"960\" height=\"593\" \/><\/p>\n<p style=\"text-align: justify;\"><img loading=\"lazy\" decoding=\"async\" class=\"aligncenter size-large wp-image-11598\" src=\"http:\/\/www.lespetitesjoiesdelavielondonienne.com\/wp-content\/uploads\/2015\/10\/Oliva-19-1024x633.jpg\" alt=\"Oliva-19\" width=\"960\" height=\"593\" \/><\/p>\n<p style=\"text-align: justify;\">En rentrant, on se remet d&#8217;un tel effort par une pause au caf\u00e9 en bas de l&#8217;\u00e9glise San Roque, le genre de petit caf\u00e9 tout simple et authentique comme je les aime, qui n&#8217;est pas sans me rappeler l&#8217;ambiance de nos vacances\u00a0en famille durant <a href=\"http:\/\/www.lespetitesjoiesdelavielondonienne.com\/noel-au-soleil-une-semaine-a-fuerteventura\/\" target=\"_blank\" rel=\"noopener\">une\u00a0semaine \u00e0 Fuerteventura<\/a> pass\u00e9e il y a 2 ans.<\/p>\n<p style=\"text-align: justify;\"><span style=\"line-height: 1.5;\"><img loading=\"lazy\" decoding=\"async\" class=\"aligncenter size-large wp-image-11611\" src=\"http:\/\/www.lespetitesjoiesdelavielondonienne.com\/wp-content\/uploads\/2015\/10\/Oliva-7-1024x633.jpg\" alt=\"Oliva-7\" width=\"960\" height=\"593\" \/><\/span><\/p>\n<p style=\"text-align: justify;\"><span style=\"line-height: 1.5;\">Et puisqu&#8217;il semblerait que le quartier n&#8217;ait pas d\u00e9voil\u00e9 tous ses myst\u00e8res, nous terminons la balade sur la rue la plus typique de toutes, la &#8220;<strong>Calle de la Hoz&#8221;<\/strong>.<\/span><\/p>\n<p style=\"text-align: justify;\"><img loading=\"lazy\" decoding=\"async\" class=\"aligncenter size-large wp-image-11597\" src=\"http:\/\/www.lespetitesjoiesdelavielondonienne.com\/wp-content\/uploads\/2015\/10\/Oliva-20-769x1024.jpg\" alt=\"Oliva-20\" width=\"769\" height=\"1024\" \/><\/p>\n<p style=\"text-align: justify;\"><img loading=\"lazy\" decoding=\"async\" class=\"aligncenter size-large wp-image-11596\" src=\"http:\/\/www.lespetitesjoiesdelavielondonienne.com\/wp-content\/uploads\/2015\/10\/Oliva-21-1024x633.jpg\" alt=\"Oliva-21\" width=\"960\" height=\"593\" \/><\/p>\n<p style=\"text-align: justify;\"><img loading=\"lazy\" decoding=\"async\" class=\"aligncenter size-large wp-image-11595\" src=\"http:\/\/www.lespetitesjoiesdelavielondonienne.com\/wp-content\/uploads\/2015\/10\/Oliva-22-1024x633.jpg\" alt=\"Oliva-22\" width=\"960\" height=\"593\" \/><\/p>\n<p style=\"text-align: justify;\"><img loading=\"lazy\" decoding=\"async\" class=\"aligncenter size-large wp-image-11594\" src=\"http:\/\/www.lespetitesjoiesdelavielondonienne.com\/wp-content\/uploads\/2015\/10\/Oliva-23-1024x790.jpg\" alt=\"Oliva-23\" width=\"960\" height=\"741\" \/><\/p>\n<p style=\"text-align: justify;\"><img loading=\"lazy\" decoding=\"async\" class=\"aligncenter size-large wp-image-11593\" src=\"http:\/\/www.lespetitesjoiesdelavielondonienne.com\/wp-content\/uploads\/2015\/10\/Oliva-24-1024x633.jpg\" alt=\"Oliva-24\" width=\"960\" height=\"593\" \/><\/p>\n<p style=\"text-align: justify;\"><img loading=\"lazy\" decoding=\"async\" class=\"aligncenter size-large wp-image-11592\" src=\"http:\/\/www.lespetitesjoiesdelavielondonienne.com\/wp-content\/uploads\/2015\/10\/Oliva-25-1024x633.jpg\" alt=\"Oliva-25\" width=\"960\" height=\"593\" \/><\/p>\n<p style=\"text-align: justify;\">On se croirait un peu au maroc, et pour le coup c&#8217;est <a href=\"http:\/\/www.lespetitesjoiesdelavielondonienne.com\/une-journee-a-essaouira\/\" target=\"_blank\" rel=\"noopener\">une journ\u00e9e \u00e0 Essaouira<\/a>, magnifique station baln\u00e9aire marocaine, que cette rue blanche immacul\u00e9e m&#8217;a rappel\u00e9.<\/p>\n<p style=\"text-align: justify;\">Un peu comme un d\u00e9cor de cin\u00e9ma, elle semble inhabit\u00e9e mais est pourtant parfaitement authentique.<\/p>\n<p style=\"text-align: justify;\">On prend la pause et on repart pour de nouvelles aventures, direction la plage, elle aussi tr\u00e8s belle avec du sable fin, de l&#8217;eau claire et incroyablement chaude pour fin septembre.<\/p>\n<p style=\"text-align: justify;\"><img loading=\"lazy\" decoding=\"async\" class=\"aligncenter size-large wp-image-11591\" src=\"http:\/\/www.lespetitesjoiesdelavielondonienne.com\/wp-content\/uploads\/2015\/10\/Oliva-26-1024x633.jpg\" alt=\"Oliva-26\" width=\"960\" height=\"593\" \/><\/p>\n<h1 id=\"eau-turquoise-et-paella-avec-vue\" style=\"text-align: justify;\">Eau turquoise et Pa\u00eblla avec vue<\/h1>\n<p style=\"text-align: justify;\">Le lendemain, direction le sud pour aller manger l&#8217;une des meilleures Pa\u00eblla du coin. Enfin, meilleure, je ne saurais dire, mais disons que le cadre de cette adresse ne rend le moment que parfait.<\/p>\n<p style=\"text-align: justify;\">Direction <strong>Moreira<\/strong> en passant par <strong>Javea<\/strong>, ville locale tr\u00e8s charmante dont je me rappellerai surtout pour sa mer \u00e0 l&#8217;eau incroyablement turquoise et ses jolies rues orn\u00e9es de fagnions color\u00e9s. La v\u00e9ritable ambiance d&#8217;\u00e9t\u00e9.<\/p>\n<p style=\"text-align: justify;\"><img loading=\"lazy\" decoding=\"async\" class=\"aligncenter size-large wp-image-11589\" src=\"http:\/\/www.lespetitesjoiesdelavielondonienne.com\/wp-content\/uploads\/2015\/10\/Oliva-28-1024x633.jpg\" alt=\"Oliva-28\" width=\"960\" height=\"593\" \/><\/p>\n<p style=\"text-align: justify;\"><img loading=\"lazy\" decoding=\"async\" class=\"aligncenter size-large wp-image-11588\" src=\"http:\/\/www.lespetitesjoiesdelavielondonienne.com\/wp-content\/uploads\/2015\/10\/Oliva-29-1024x633.jpg\" alt=\"Oliva-29\" width=\"960\" height=\"593\" \/><\/p>\n<p style=\"text-align: justify;\"><img loading=\"lazy\" decoding=\"async\" class=\"aligncenter size-large wp-image-11587\" src=\"http:\/\/www.lespetitesjoiesdelavielondonienne.com\/wp-content\/uploads\/2015\/10\/Oliva-30-1024x633.jpg\" alt=\"Oliva-30\" width=\"960\" height=\"593\" \/><\/p>\n<p style=\"text-align: justify;\"><img loading=\"lazy\" decoding=\"async\" class=\"aligncenter size-large wp-image-11586\" src=\"http:\/\/www.lespetitesjoiesdelavielondonienne.com\/wp-content\/uploads\/2015\/10\/Oliva-31-1024x633.jpg\" alt=\"Oliva-31\" width=\"960\" height=\"593\" \/><\/p>\n<p style=\"text-align: justify;\"><img loading=\"lazy\" decoding=\"async\" class=\"aligncenter size-large wp-image-11585\" src=\"http:\/\/www.lespetitesjoiesdelavielondonienne.com\/wp-content\/uploads\/2015\/10\/Oliva-32-1024x633.jpg\" alt=\"Oliva-32\" width=\"960\" height=\"593\" \/><\/p>\n<p style=\"text-align: justify;\">Enfin arriv\u00e9s \u00e0 destination, nous nous installons au restaurant <a href=\"http:\/\/www.elchamizomoraira.com\/\" target=\"_blank\" rel=\"noopener\">El Chamino<\/a>, qui offre le meilleur cadre pour manger une pa\u00eblla valencienne avec vue. Le top.<\/p>\n<p style=\"text-align: justify;\"><img loading=\"lazy\" decoding=\"async\" class=\"aligncenter size-large wp-image-11584\" src=\"http:\/\/www.lespetitesjoiesdelavielondonienne.com\/wp-content\/uploads\/2015\/10\/Oliva-33-1024x633.jpg\" alt=\"Oliva-33\" width=\"960\" height=\"593\" \/><\/p>\n<p style=\"text-align: justify;\"><img loading=\"lazy\" decoding=\"async\" class=\"aligncenter size-large wp-image-11583\" src=\"http:\/\/www.lespetitesjoiesdelavielondonienne.com\/wp-content\/uploads\/2015\/10\/Oliva-34-1024x633.jpg\" alt=\"Oliva-34\" width=\"960\" height=\"593\" \/><\/p>\n<p style=\"text-align: justify;\"><img loading=\"lazy\" decoding=\"async\" class=\"aligncenter size-large wp-image-11582\" src=\"http:\/\/www.lespetitesjoiesdelavielondonienne.com\/wp-content\/uploads\/2015\/10\/Oliva-35-1024x633.jpg\" alt=\"Oliva-35\" width=\"960\" height=\"593\" \/><\/p>\n<p style=\"text-align: justify;\"><img loading=\"lazy\" decoding=\"async\" class=\"aligncenter size-large wp-image-11581\" src=\"http:\/\/www.lespetitesjoiesdelavielondonienne.com\/wp-content\/uploads\/2015\/10\/Oliva-36-1024x633.jpg\" alt=\"Oliva-36\" width=\"960\" height=\"593\" \/><\/p>\n<p style=\"text-align: justify;\">Ai je besoin d&#8217;ajouter plus de commentaires? A ne pas manquer si vous \u00eates dans les coin.<\/p>\n<h1 id=\"denia-le-clou-du-spectacle\" style=\"text-align: justify;\">Denia, le clou du spectacle.<\/h1>\n<p style=\"text-align: justify;\">Le reste du s\u00e9jour sera consacr\u00e9 \u00e0 la d\u00e9couverte de Denia, l&#8217;une des villes les plus connues et donc les plus touristiques de la r\u00e9gion. D&#8217;ailleurs d\u00e8s que j&#8217;avais post\u00e9 ma toute premi\u00e8re photo du s\u00e9jour sur Instagram, quelqu&#8217;un avait laiss\u00e9 un commentaire en me recommandant vivement d&#8217;aller visiter Denia.<\/p>\n<p>https:\/\/instagram.com\/p\/7zp5a9I0pL\/<\/p>\n<p style=\"text-align: justify;\">Chose faite donc. Et c&#8217;\u00e9tait une bien belle id\u00e9e en effet.<\/p>\n<p style=\"text-align: justify;\"><img loading=\"lazy\" decoding=\"async\" class=\"aligncenter size-large wp-image-11580\" src=\"http:\/\/www.lespetitesjoiesdelavielondonienne.com\/wp-content\/uploads\/2015\/10\/Denia-1-1024x1024.jpg\" alt=\"Denia-1\" width=\"960\" height=\"960\" \/><\/p>\n<p style=\"text-align: justify;\">Ce que j&#8217;ai particuli\u00e8rement aim\u00e9 en visitant Denia, c&#8217;est l&#8217;ambiance chaleureuse de la ville, riche en verdure, les couleurs chaudes ponctu\u00e9es de couleurs vives et l&#8217;architecture \u00e9l\u00e9gante des b\u00e2timents.<\/p>\n<p style=\"text-align: justify;\"><img loading=\"lazy\" decoding=\"async\" class=\"aligncenter size-large wp-image-11576\" src=\"http:\/\/www.lespetitesjoiesdelavielondonienne.com\/wp-content\/uploads\/2015\/10\/Denia-5-1024x1024.jpg\" alt=\"Denia-5\" width=\"960\" height=\"960\" \/><\/p>\n<p style=\"text-align: justify;\"><img loading=\"lazy\" decoding=\"async\" class=\"aligncenter size-large wp-image-11574\" src=\"http:\/\/www.lespetitesjoiesdelavielondonienne.com\/wp-content\/uploads\/2015\/10\/Denia-6bis-1024x1024.jpg\" alt=\"Denia-6bis\" width=\"960\" height=\"960\" \/><\/p>\n<p style=\"text-align: justify;\"><img loading=\"lazy\" decoding=\"async\" class=\"aligncenter size-large wp-image-11573\" src=\"http:\/\/www.lespetitesjoiesdelavielondonienne.com\/wp-content\/uploads\/2015\/10\/Denia-8-1024x633.jpg\" alt=\"Denia-8\" width=\"960\" height=\"593\" \/><\/p>\n<p style=\"text-align: justify;\"><img loading=\"lazy\" decoding=\"async\" class=\"aligncenter size-large wp-image-11572\" src=\"http:\/\/www.lespetitesjoiesdelavielondonienne.com\/wp-content\/uploads\/2015\/10\/Denia-9-1024x633.jpg\" alt=\"Denia-9\" width=\"960\" height=\"593\" \/><\/p>\n<p style=\"text-align: justify;\"><img loading=\"lazy\" decoding=\"async\" class=\"aligncenter size-large wp-image-11571\" src=\"http:\/\/www.lespetitesjoiesdelavielondonienne.com\/wp-content\/uploads\/2015\/10\/Denia-10-1024x1024.jpg\" alt=\"Denia-10\" width=\"960\" height=\"960\" \/><\/p>\n<p style=\"text-align: justify;\"><img loading=\"lazy\" decoding=\"async\" class=\"aligncenter size-large wp-image-11570\" src=\"http:\/\/www.lespetitesjoiesdelavielondonienne.com\/wp-content\/uploads\/2015\/10\/Denia-11-1024x1024.jpg\" alt=\"Denia-11\" width=\"960\" height=\"960\" \/><\/p>\n<p style=\"text-align: justify;\"><img loading=\"lazy\" decoding=\"async\" class=\"aligncenter size-large wp-image-11569\" src=\"http:\/\/www.lespetitesjoiesdelavielondonienne.com\/wp-content\/uploads\/2015\/10\/Denia-14-1024x1024.jpg\" alt=\"Denia-14\" width=\"960\" height=\"960\" \/><\/p>\n<p style=\"text-align: justify;\">Le soir m\u00eame, nous nous rendons ensuite pour ce qui sera un peu le clou du spectacle du s\u00e9jour.<\/p>\n<p style=\"text-align: justify;\">Direction les rizi\u00e8res de la r\u00e9gion de Valence, que nous observons depuis le haut d&#8217;une colline. Je n&#8217;avais pas la moindre id\u00e9e que l&#8217;Espagne \u00e9tait un pays producteur de riz, et m\u00eame si je dois avouer que je m&#8217;attendais un peu \u00e0 un d\u00e9cor similaire aux rizi\u00e8res en escaliers comme en Asie, le spectacle cl\u00f4tura la fin du s\u00e9jour de la meilleure des fa\u00e7ons, sur un beau coucher de soleil.<\/p>\n<p style=\"text-align: justify;\"><img loading=\"lazy\" decoding=\"async\" class=\"aligncenter size-large wp-image-11568\" src=\"http:\/\/www.lespetitesjoiesdelavielondonienne.com\/wp-content\/uploads\/2015\/10\/Denia-13-1024x633.jpg\" alt=\"Denia-13\" width=\"960\" height=\"593\" \/><\/p>\n<p style=\"text-align: justify;\"><img loading=\"lazy\" decoding=\"async\" class=\"aligncenter size-large wp-image-11566\" src=\"http:\/\/www.lespetitesjoiesdelavielondonienne.com\/wp-content\/uploads\/2015\/10\/Denia-15-1024x633.jpg\" alt=\"Denia-15\" width=\"960\" height=\"593\" \/><\/p>\n<p style=\"text-align: justify;\"><img loading=\"lazy\" decoding=\"async\" class=\"aligncenter size-large wp-image-11565\" src=\"http:\/\/www.lespetitesjoiesdelavielondonienne.com\/wp-content\/uploads\/2015\/10\/Denia-17-1024x633.jpg\" alt=\"Denia-17\" width=\"960\" height=\"593\" \/><\/p>\n<p style=\"text-align: justify;\"><img loading=\"lazy\" decoding=\"async\" class=\"aligncenter size-large wp-image-11564\" src=\"http:\/\/www.lespetitesjoiesdelavielondonienne.com\/wp-content\/uploads\/2015\/10\/Denia-18-1024x633.jpg\" alt=\"Denia-18\" width=\"960\" height=\"593\" \/><\/p>\n<p style=\"text-align: justify;\"><img loading=\"lazy\" decoding=\"async\" class=\"aligncenter size-large wp-image-11562\" src=\"http:\/\/www.lespetitesjoiesdelavielondonienne.com\/wp-content\/uploads\/2015\/10\/Denia-20-1024x633.jpg\" alt=\"Denia-20\" width=\"960\" height=\"593\" \/><\/p>\n<p style=\"text-align: justify;\">La r\u00e9gion de Valence \u00e9tait une d\u00e9couverte toute belle qu&#8217;inattendue. On pense souvent \u00e0 Barcelone ou Madrid ou \u00e0 l&#8217;Andalousie quand on cherche un beau s\u00e9jour en Espagne mais je suis bien contente d&#8217;avoir un peu vari\u00e9 les plaisirs.<\/p>\n<p style=\"text-align: justify;\">Encore merci \u00a0\u00e0 mes amis pour leur accueil et pour cette prolongation d&#8217;\u00e9t\u00e9 bien agr\u00e9able. :)<\/p>\n","protected":false},"excerpt":{"rendered":"<p>La r\u00e8gle pour grapiller quelques degr\u00e9s de plus quand on vit \u00e0 Londres, c&#8217;est de partir&#8230;<\/p>","protected":false},"author":1,"featured_media":0,"comment_status":"open","ping_status":"open","sticky":false,"template":"","format":"standard","meta":{"_monsterinsights_skip_tracking":false,"_monsterinsights_sitenote_active":false,"_monsterinsights_sitenote_note":"","_monsterinsights_sitenote_category":0,"footnotes":""},"categories":[2677],"tags":[461],"location":[],"class_list":["post-11707","post","type-post","status-publish","format-standard","hentry","category-voyages-en-europe","tag-espagne"],"translation":{"provider":"WPGlobus","version":"3.0.2","language":"en","enabled_languages":["fr","en"],"languages":{"fr":{"title":true,"content":true,"excerpt":false},"en":{"title":false,"content":false,"excerpt":false}}},"yoast_head":"<!-- This site is optimized with the Yoast SEO plugin v26.7 - https:\/\/yoast.com\/wordpress\/plugins\/seo\/ -->\n<title>Extension d&#039;\u00e9t\u00e9 en terres Valenciennes - Les petites joies de la vie londonienne<\/title>\n<meta name=\"robots\" content=\"index, follow, max-snippet:-1, max-image-preview:large, max-video-preview:-1\" \/>\n<link rel=\"canonical\" href=\"http:\/\/www.lespetitesjoiesdelavielondonienne.com\/extension-dete-en-terres-valenciennes\/\" \/>\n<meta property=\"og:locale\" content=\"en_GB\" \/>\n<meta property=\"og:type\" content=\"article\" \/>\n<meta property=\"og:title\" content=\"Extension d&#039;\u00e9t\u00e9 en terres Valenciennes - Les petites joies de la vie londonienne\" \/>\n<meta property=\"og:url\" content=\"http:\/\/www.lespetitesjoiesdelavielondonienne.com\/extension-dete-en-terres-valenciennes\/\" \/>\n<meta property=\"og:site_name\" content=\"Les petites joies de la vie londonienne\" \/>\n<meta property=\"article:publisher\" content=\"http:\/\/facebook.com\/lespetitesjoiesdelavielondoni%e2%80%a6\" \/>\n<meta property=\"article:published_time\" content=\"2015-10-21T07:39:44+00:00\" \/>\n<meta property=\"article:modified_time\" content=\"2018-07-13T07:52:58+00:00\" \/>\n<meta property=\"og:image\" content=\"http:\/\/www.lespetitesjoiesdelavielondonienne.com\/wp-content\/uploads\/2015\/10\/Oliva-3-1024x633.jpg\" \/>\n<meta name=\"author\" content=\"Elodie\" \/>\n<meta name=\"twitter:label1\" content=\"Written by\" \/>\n\t<meta name=\"twitter:data1\" content=\"Elodie\" \/>\n\t<meta name=\"twitter:label2\" content=\"Est. reading time\" \/>\n\t<meta name=\"twitter:data2\" content=\"5 minutes\" \/>\n<script type=\"application\/ld+json\" class=\"yoast-schema-graph\">{\"@context\":\"https:\/\/schema.org\",\"@graph\":[{\"@type\":\"Article\",\"@id\":\"http:\/\/www.lespetitesjoiesdelavielondonienne.com\/extension-dete-en-terres-valenciennes\/#article\",\"isPartOf\":{\"@id\":\"http:\/\/www.lespetitesjoiesdelavielondonienne.com\/extension-dete-en-terres-valenciennes\/\"},\"author\":{\"name\":\"Elodie\",\"@id\":\"http:\/\/www.lespetitesjoiesdelavielondonienne.com\/en\/#\/schema\/person\/2eed35f0aac099445e89940d9e5c9bc8\"},\"headline\":\"Extension d&#8217;\u00e9t\u00e9 en terres Valenciennes\",\"datePublished\":\"2015-10-21T07:39:44+00:00\",\"dateModified\":\"2018-07-13T07:52:58+00:00\",\"mainEntityOfPage\":{\"@id\":\"http:\/\/www.lespetitesjoiesdelavielondonienne.com\/extension-dete-en-terres-valenciennes\/\"},\"wordCount\":948,\"commentCount\":0,\"publisher\":{\"@id\":\"http:\/\/www.lespetitesjoiesdelavielondonienne.com\/en\/#organization\"},\"image\":{\"@id\":\"http:\/\/www.lespetitesjoiesdelavielondonienne.com\/extension-dete-en-terres-valenciennes\/#primaryimage\"},\"thumbnailUrl\":\"http:\/\/www.lespetitesjoiesdelavielondonienne.com\/wp-content\/uploads\/2015\/10\/Oliva-3-1024x633.jpg\",\"keywords\":[\"Espagne\"],\"articleSection\":[\"Voyages en Europe\"],\"inLanguage\":\"en-GB\",\"potentialAction\":[{\"@type\":\"CommentAction\",\"name\":\"Comment\",\"target\":[\"http:\/\/www.lespetitesjoiesdelavielondonienne.com\/extension-dete-en-terres-valenciennes\/#respond\"]}]},{\"@type\":\"WebPage\",\"@id\":\"http:\/\/www.lespetitesjoiesdelavielondonienne.com\/extension-dete-en-terres-valenciennes\/\",\"url\":\"http:\/\/www.lespetitesjoiesdelavielondonienne.com\/extension-dete-en-terres-valenciennes\/\",\"name\":\"Extension d'\u00e9t\u00e9 en terres Valenciennes - Les petites joies de la vie londonienne\",\"isPartOf\":{\"@id\":\"http:\/\/www.lespetitesjoiesdelavielondonienne.com\/en\/#website\"},\"primaryImageOfPage\":{\"@id\":\"http:\/\/www.lespetitesjoiesdelavielondonienne.com\/extension-dete-en-terres-valenciennes\/#primaryimage\"},\"image\":{\"@id\":\"http:\/\/www.lespetitesjoiesdelavielondonienne.com\/extension-dete-en-terres-valenciennes\/#primaryimage\"},\"thumbnailUrl\":\"http:\/\/www.lespetitesjoiesdelavielondonienne.com\/wp-content\/uploads\/2015\/10\/Oliva-3-1024x633.jpg\",\"datePublished\":\"2015-10-21T07:39:44+00:00\",\"dateModified\":\"2018-07-13T07:52:58+00:00\",\"description\":\"La r\u00e8gle pour grapiller quelques degr\u00e9s de plus quand on vit \u00e0 Londres, c'est de partir au soleil. Pas besoin de faire 10 heures de vols pour prolonger\",\"breadcrumb\":{\"@id\":\"http:\/\/www.lespetitesjoiesdelavielondonienne.com\/extension-dete-en-terres-valenciennes\/#breadcrumb\"},\"inLanguage\":\"en-GB\",\"potentialAction\":[{\"@type\":\"ReadAction\",\"target\":[\"http:\/\/www.lespetitesjoiesdelavielondonienne.com\/extension-dete-en-terres-valenciennes\/\"]}]},{\"@type\":\"ImageObject\",\"inLanguage\":\"en-GB\",\"@id\":\"http:\/\/www.lespetitesjoiesdelavielondonienne.com\/extension-dete-en-terres-valenciennes\/#primaryimage\",\"url\":\"http:\/\/www.lespetitesjoiesdelavielondonienne.com\/wp-content\/uploads\/2015\/10\/Oliva-3-1024x633.jpg\",\"contentUrl\":\"http:\/\/www.lespetitesjoiesdelavielondonienne.com\/wp-content\/uploads\/2015\/10\/Oliva-3-1024x633.jpg\"},{\"@type\":\"BreadcrumbList\",\"@id\":\"http:\/\/www.lespetitesjoiesdelavielondonienne.com\/extension-dete-en-terres-valenciennes\/#breadcrumb\",\"itemListElement\":[{\"@type\":\"ListItem\",\"position\":1,\"name\":\"Home\",\"item\":\"http:\/\/www.lespetitesjoiesdelavielondonienne.com\/en\/\"},{\"@type\":\"ListItem\",\"position\":2,\"name\":\"Travels\",\"item\":\"https:\/\/www.lespetitesjoiesdelavielondonienne.com\/en\/Travels\/\"},{\"@type\":\"ListItem\",\"position\":3,\"name\":\"Voyages en Europe\",\"item\":\"http:\/\/www.lespetitesjoiesdelavielondonienne.com\/en\/voyages\/europe-travels\/\"},{\"@type\":\"ListItem\",\"position\":4,\"name\":\"Extension d&rsquo;\u00e9t\u00e9 en terres Valenciennes\"}]},{\"@type\":\"WebSite\",\"@id\":\"http:\/\/www.lespetitesjoiesdelavielondonienne.com\/en\/#website\",\"url\":\"http:\/\/www.lespetitesjoiesdelavielondonienne.com\/en\/\",\"name\":\"Les petites joies de la vie londonienne\",\"description\":\"London lifestyle and French expat life\",\"publisher\":{\"@id\":\"http:\/\/www.lespetitesjoiesdelavielondonienne.com\/en\/#organization\"},\"potentialAction\":[{\"@type\":\"SearchAction\",\"target\":{\"@type\":\"EntryPoint\",\"urlTemplate\":\"http:\/\/www.lespetitesjoiesdelavielondonienne.com\/en\/?s={search_term_string}\"},\"query-input\":{\"@type\":\"PropertyValueSpecification\",\"valueRequired\":true,\"valueName\":\"search_term_string\"}}],\"inLanguage\":\"en-GB\"},{\"@type\":\"Organization\",\"@id\":\"http:\/\/www.lespetitesjoiesdelavielondonienne.com\/en\/#organization\",\"name\":\"Les petites joies de la vie londonienne\",\"url\":\"http:\/\/www.lespetitesjoiesdelavielondonienne.com\/en\/\",\"logo\":{\"@type\":\"ImageObject\",\"inLanguage\":\"en-GB\",\"@id\":\"http:\/\/www.lespetitesjoiesdelavielondonienne.com\/en\/#\/schema\/logo\/image\/\",\"url\":\"http:\/\/www.lespetitesjoiesdelavielondonienne.com\/wp-content\/uploads\/2017\/07\/header-logo.png\",\"contentUrl\":\"http:\/\/www.lespetitesjoiesdelavielondonienne.com\/wp-content\/uploads\/2017\/07\/header-logo.png\",\"width\":405,\"height\":282,\"caption\":\"Les petites joies de la vie londonienne\"},\"image\":{\"@id\":\"http:\/\/www.lespetitesjoiesdelavielondonienne.com\/en\/#\/schema\/logo\/image\/\"},\"sameAs\":[\"http:\/\/facebook.com\/lespetitesjoiesdelavielondoni\u2026\",\"https:\/\/x.com\/elodie_ldn\",\"http:\/\/instagram.com\/elodie_london\/\"]},{\"@type\":\"Person\",\"@id\":\"http:\/\/www.lespetitesjoiesdelavielondonienne.com\/en\/#\/schema\/person\/2eed35f0aac099445e89940d9e5c9bc8\",\"name\":\"Elodie\",\"image\":{\"@type\":\"ImageObject\",\"inLanguage\":\"en-GB\",\"@id\":\"http:\/\/www.lespetitesjoiesdelavielondonienne.com\/en\/#\/schema\/person\/image\/\",\"url\":\"https:\/\/secure.gravatar.com\/avatar\/7e83970a952fbc504124150f6435f9d5?s=96&d=mm&r=g\",\"contentUrl\":\"https:\/\/secure.gravatar.com\/avatar\/7e83970a952fbc504124150f6435f9d5?s=96&d=mm&r=g\",\"caption\":\"Elodie\"},\"description\":\"Expatri\u00e9e \u00e0 Londres depuis plus de 7 ans je profite et partage des \\\"petites joies\\\" que la vie londonienne et vie d'expat ont \u00e0 offrir. La semaine, je travaille en Marketing Digital, certains soirs et week-end, je suis professeur de yoga, le reste du temps, j'alimente le blog avec toujours autant de plaisir. Ce blog est \u00e0 l'image de ce rythme: Dynamique, yin et yang, f\u00e9minin et Londonien.\",\"sameAs\":[\"http:\/\/www.lespetitesjoiesdelavielondonienne.com\"]}]}<\/script>\n<!-- \/ Yoast SEO plugin. -->","yoast_head_json":{"title":"Extension d'\u00e9t\u00e9 en terres Valenciennes - Les petites joies de la vie londonienne","robots":{"index":"index","follow":"follow","max-snippet":"max-snippet:-1","max-image-preview":"max-image-preview:large","max-video-preview":"max-video-preview:-1"},"canonical":"http:\/\/www.lespetitesjoiesdelavielondonienne.com\/extension-dete-en-terres-valenciennes\/","og_locale":"en_GB","og_type":"article","og_title":"Extension d'\u00e9t\u00e9 en terres Valenciennes - Les petites joies de la vie londonienne","og_url":"http:\/\/www.lespetitesjoiesdelavielondonienne.com\/extension-dete-en-terres-valenciennes\/","og_site_name":"Les petites joies de la vie londonienne","article_publisher":"http:\/\/facebook.com\/lespetitesjoiesdelavielondoni%e2%80%a6","article_published_time":"2015-10-21T07:39:44+00:00","article_modified_time":"2018-07-13T07:52:58+00:00","og_image":[{"url":"http:\/\/www.lespetitesjoiesdelavielondonienne.com\/wp-content\/uploads\/2015\/10\/Oliva-3-1024x633.jpg","type":"","width":"","height":""}],"author":"Elodie","twitter_misc":{"Written by":"Elodie","Est. reading time":"5 minutes"},"schema":{"@context":"https:\/\/schema.org","@graph":[{"@type":"Article","@id":"http:\/\/www.lespetitesjoiesdelavielondonienne.com\/extension-dete-en-terres-valenciennes\/#article","isPartOf":{"@id":"http:\/\/www.lespetitesjoiesdelavielondonienne.com\/extension-dete-en-terres-valenciennes\/"},"author":{"name":"Elodie","@id":"http:\/\/www.lespetitesjoiesdelavielondonienne.com\/en\/#\/schema\/person\/2eed35f0aac099445e89940d9e5c9bc8"},"headline":"Extension d&#8217;\u00e9t\u00e9 en terres Valenciennes","datePublished":"2015-10-21T07:39:44+00:00","dateModified":"2018-07-13T07:52:58+00:00","mainEntityOfPage":{"@id":"http:\/\/www.lespetitesjoiesdelavielondonienne.com\/extension-dete-en-terres-valenciennes\/"},"wordCount":948,"commentCount":0,"publisher":{"@id":"http:\/\/www.lespetitesjoiesdelavielondonienne.com\/en\/#organization"},"image":{"@id":"http:\/\/www.lespetitesjoiesdelavielondonienne.com\/extension-dete-en-terres-valenciennes\/#primaryimage"},"thumbnailUrl":"http:\/\/www.lespetitesjoiesdelavielondonienne.com\/wp-content\/uploads\/2015\/10\/Oliva-3-1024x633.jpg","keywords":["Espagne"],"articleSection":["Voyages en Europe"],"inLanguage":"en-GB","potentialAction":[{"@type":"CommentAction","name":"Comment","target":["http:\/\/www.lespetitesjoiesdelavielondonienne.com\/extension-dete-en-terres-valenciennes\/#respond"]}]},{"@type":"WebPage","@id":"http:\/\/www.lespetitesjoiesdelavielondonienne.com\/extension-dete-en-terres-valenciennes\/","url":"http:\/\/www.lespetitesjoiesdelavielondonienne.com\/extension-dete-en-terres-valenciennes\/","name":"Extension d'\u00e9t\u00e9 en terres Valenciennes - Les petites joies de la vie londonienne","isPartOf":{"@id":"http:\/\/www.lespetitesjoiesdelavielondonienne.com\/en\/#website"},"primaryImageOfPage":{"@id":"http:\/\/www.lespetitesjoiesdelavielondonienne.com\/extension-dete-en-terres-valenciennes\/#primaryimage"},"image":{"@id":"http:\/\/www.lespetitesjoiesdelavielondonienne.com\/extension-dete-en-terres-valenciennes\/#primaryimage"},"thumbnailUrl":"http:\/\/www.lespetitesjoiesdelavielondonienne.com\/wp-content\/uploads\/2015\/10\/Oliva-3-1024x633.jpg","datePublished":"2015-10-21T07:39:44+00:00","dateModified":"2018-07-13T07:52:58+00:00","description":"La r\u00e8gle pour grapiller quelques degr\u00e9s de plus quand on vit \u00e0 Londres, c'est de partir au soleil. Pas besoin de faire 10 heures de vols pour prolonger","breadcrumb":{"@id":"http:\/\/www.lespetitesjoiesdelavielondonienne.com\/extension-dete-en-terres-valenciennes\/#breadcrumb"},"inLanguage":"en-GB","potentialAction":[{"@type":"ReadAction","target":["http:\/\/www.lespetitesjoiesdelavielondonienne.com\/extension-dete-en-terres-valenciennes\/"]}]},{"@type":"ImageObject","inLanguage":"en-GB","@id":"http:\/\/www.lespetitesjoiesdelavielondonienne.com\/extension-dete-en-terres-valenciennes\/#primaryimage","url":"http:\/\/www.lespetitesjoiesdelavielondonienne.com\/wp-content\/uploads\/2015\/10\/Oliva-3-1024x633.jpg","contentUrl":"http:\/\/www.lespetitesjoiesdelavielondonienne.com\/wp-content\/uploads\/2015\/10\/Oliva-3-1024x633.jpg"},{"@type":"BreadcrumbList","@id":"http:\/\/www.lespetitesjoiesdelavielondonienne.com\/extension-dete-en-terres-valenciennes\/#breadcrumb","itemListElement":[{"@type":"ListItem","position":1,"name":"Home","item":"http:\/\/www.lespetitesjoiesdelavielondonienne.com\/en\/"},{"@type":"ListItem","position":2,"name":"Travels","item":"https:\/\/www.lespetitesjoiesdelavielondonienne.com\/en\/Travels\/"},{"@type":"ListItem","position":3,"name":"Voyages en Europe","item":"http:\/\/www.lespetitesjoiesdelavielondonienne.com\/en\/voyages\/europe-travels\/"},{"@type":"ListItem","position":4,"name":"Extension d&rsquo;\u00e9t\u00e9 en terres Valenciennes"}]},{"@type":"WebSite","@id":"http:\/\/www.lespetitesjoiesdelavielondonienne.com\/en\/#website","url":"http:\/\/www.lespetitesjoiesdelavielondonienne.com\/en\/","name":"Les petites joies de la vie londonienne","description":"London lifestyle and French expat life","publisher":{"@id":"http:\/\/www.lespetitesjoiesdelavielondonienne.com\/en\/#organization"},"potentialAction":[{"@type":"SearchAction","target":{"@type":"EntryPoint","urlTemplate":"http:\/\/www.lespetitesjoiesdelavielondonienne.com\/en\/?s={search_term_string}"},"query-input":{"@type":"PropertyValueSpecification","valueRequired":true,"valueName":"search_term_string"}}],"inLanguage":"en-GB"},{"@type":"Organization","@id":"http:\/\/www.lespetitesjoiesdelavielondonienne.com\/en\/#organization","name":"Les petites joies de la vie londonienne","url":"http:\/\/www.lespetitesjoiesdelavielondonienne.com\/en\/","logo":{"@type":"ImageObject","inLanguage":"en-GB","@id":"http:\/\/www.lespetitesjoiesdelavielondonienne.com\/en\/#\/schema\/logo\/image\/","url":"http:\/\/www.lespetitesjoiesdelavielondonienne.com\/wp-content\/uploads\/2017\/07\/header-logo.png","contentUrl":"http:\/\/www.lespetitesjoiesdelavielondonienne.com\/wp-content\/uploads\/2017\/07\/header-logo.png","width":405,"height":282,"caption":"Les petites joies de la vie londonienne"},"image":{"@id":"http:\/\/www.lespetitesjoiesdelavielondonienne.com\/en\/#\/schema\/logo\/image\/"},"sameAs":["http:\/\/facebook.com\/lespetitesjoiesdelavielondoni\u2026","https:\/\/x.com\/elodie_ldn","http:\/\/instagram.com\/elodie_london\/"]},{"@type":"Person","@id":"http:\/\/www.lespetitesjoiesdelavielondonienne.com\/en\/#\/schema\/person\/2eed35f0aac099445e89940d9e5c9bc8","name":"Elodie","image":{"@type":"ImageObject","inLanguage":"en-GB","@id":"http:\/\/www.lespetitesjoiesdelavielondonienne.com\/en\/#\/schema\/person\/image\/","url":"https:\/\/secure.gravatar.com\/avatar\/7e83970a952fbc504124150f6435f9d5?s=96&d=mm&r=g","contentUrl":"https:\/\/secure.gravatar.com\/avatar\/7e83970a952fbc504124150f6435f9d5?s=96&d=mm&r=g","caption":"Elodie"},"description":"Expatri\u00e9e \u00e0 Londres depuis plus de 7 ans je profite et partage des \"petites joies\" que la vie londonienne et vie d'expat ont \u00e0 offrir. La semaine, je travaille en Marketing Digital, certains soirs et week-end, je suis professeur de yoga, le reste du temps, j'alimente le blog avec toujours autant de plaisir. Ce blog est \u00e0 l'image de ce rythme: Dynamique, yin et yang, f\u00e9minin et Londonien.","sameAs":["http:\/\/www.lespetitesjoiesdelavielondonienne.com"]}]}},"_links":{"self":[{"href":"https:\/\/www.lespetitesjoiesdelavielondonienne.com\/en\/wp-json\/wp\/v2\/posts\/11707","targetHints":{"allow":["GET"]}}],"collection":[{"href":"https:\/\/www.lespetitesjoiesdelavielondonienne.com\/en\/wp-json\/wp\/v2\/posts"}],"about":[{"href":"https:\/\/www.lespetitesjoiesdelavielondonienne.com\/en\/wp-json\/wp\/v2\/types\/post"}],"author":[{"embeddable":true,"href":"https:\/\/www.lespetitesjoiesdelavielondonienne.com\/en\/wp-json\/wp\/v2\/users\/1"}],"replies":[{"embeddable":true,"href":"https:\/\/www.lespetitesjoiesdelavielondonienne.com\/en\/wp-json\/wp\/v2\/comments?post=11707"}],"version-history":[{"count":0,"href":"https:\/\/www.lespetitesjoiesdelavielondonienne.com\/en\/wp-json\/wp\/v2\/posts\/11707\/revisions"}],"wp:attachment":[{"href":"https:\/\/www.lespetitesjoiesdelavielondonienne.com\/en\/wp-json\/wp\/v2\/media?parent=11707"}],"wp:term":[{"taxonomy":"category","embeddable":true,"href":"https:\/\/www.lespetitesjoiesdelavielondonienne.com\/en\/wp-json\/wp\/v2\/categories?post=11707"},{"taxonomy":"post_tag","embeddable":true,"href":"https:\/\/www.lespetitesjoiesdelavielondonienne.com\/en\/wp-json\/wp\/v2\/tags?post=11707"},{"taxonomy":"location","embeddable":true,"href":"https:\/\/www.lespetitesjoiesdelavielondonienne.com\/en\/wp-json\/wp\/v2\/location?post=11707"}],"curies":[{"name":"wp","href":"https:\/\/api.w.org\/{rel}","templated":true}]}}