{"id":6183,"date":"2014-09-22T22:00:55","date_gmt":"2014-09-22T23:00:55","guid":{"rendered":"http:\/\/www.lespetitesjoiesdelavielondonienne.com\/?p=6183"},"modified":"2018-07-13T06:50:35","modified_gmt":"2018-07-13T07:50:35","slug":"explosion-couleurs-menton","status":"publish","type":"post","link":"http:\/\/www.lespetitesjoiesdelavielondonienne.com\/en\/explosion-couleurs-menton\/","title":{"rendered":"Explosion de couleurs \u00e0 Menton"},"content":{"rendered":"<p style=\"text-align: justify;\">Pourtant originaire du sud ouest, j\u2019ai d\u00e9couvert la cote d\u2019azur pour la premi\u00e8re fois en juin dernier, et autant dire que je ne savais plus o\u00f9 donner de la t\u00eate tellement j&#8217;ai \u00e9t\u00e9 \u00e9merveill\u00e9e par cette r\u00e9gion. J\u2019ai m\u00eame eu l\u2019impression de ne pas \u00eatre dans mon pays, ou du moins d\u2019en d\u00e9couvrir une autre \u2013 magnifique \u2013 facette. Des villes plus jolies les unes que les autres, color\u00e9es, chaleureuses et pleines de charme, et s\u2019il y a bien un moment qui m\u2019a marqu\u00e9 parmis tous, c\u2019est la visite de Menton, ce petit bijoux aux couleurs vives que j\u2019avais toujours r\u00eav\u00e9 de d\u00e9couvrir je ne sais pas trop pour quelles raisons. J&#8217;avais du sentir que Menton et moi \u00e7a allait \u00eatre une grande histoire d&#8217;amour, et le moins que l\u2019on puisse dire, c\u2019est que je n\u2019ai pas \u00e9t\u00e9 d\u00e9\u00e7ue. Je n&#8217;ai malheureusement pas pu y passer plus qu&#8217;une belle apr\u00e8s-midi et soir\u00e9e, mais cette explosion de couleurs, cette architecture italienne et cette agr\u00e9able sensation d&#8217;\u00eatre dans ce d\u00e9cor un peu f\u00e9\u00e9rique m&#8217;ont marqu\u00e9 pour bien plus longtemps.<\/p>\n<p style=\"text-align: justify;\">D\u00e8s l\u2019arriv\u00e9e \u00e0 Menton, les fa\u00e7ades color\u00e9es qui donnent sur la plage spacieuse entre mer et montagne nous sautent aux yeux, et il est bien difficile de r\u00e9sister au charme de cette jolie ville\u2026<\/p>\n<p style=\"text-align: justify;\"><img fetchpriority=\"high\" decoding=\"async\" class=\"aligncenter size-full wp-image-6190\" alt=\"Facades Menton\" src=\"http:\/\/www.lespetitesjoiesdelavielondonienne.com\/wp-content\/uploads\/2014\/09\/Facades-Menton.jpg\" width=\"999\" height=\"666\" \/><\/p>\n<p style=\"text-align: justify;\"><img decoding=\"async\" class=\"aligncenter size-full wp-image-6188\" alt=\"Facades Menton 2\" src=\"http:\/\/www.lespetitesjoiesdelavielondonienne.com\/wp-content\/uploads\/2014\/09\/Facades-Menton-2.jpg\" width=\"999\" height=\"666\" \/><\/p>\n<p style=\"text-align: justify;\"><img decoding=\"async\" class=\"aligncenter size-full wp-image-6189\" alt=\"Facades Menton 3\" src=\"http:\/\/www.lespetitesjoiesdelavielondonienne.com\/wp-content\/uploads\/2014\/09\/Facades-Menton-3.jpg\" width=\"999\" height=\"666\" \/><\/p>\n<p style=\"text-align: justify;\"><img loading=\"lazy\" decoding=\"async\" class=\"aligncenter size-full wp-image-6196\" alt=\"Plage Menton\" src=\"http:\/\/www.lespetitesjoiesdelavielondonienne.com\/wp-content\/uploads\/2014\/09\/Plage-Menton.jpg\" width=\"998\" height=\"644\" \/><\/p>\n<p style=\"text-align: justify;\"><span style=\"line-height: 1.5em;\">Cette petite ville de 29 000 habitants est r\u00e9put\u00e9e pour sa production de citrons, favoris\u00e9e par un climat m\u00e9diterran\u00e9en tr\u00e8s doux et ensoleill\u00e9 en \u00e9t\u00e9 comme en hiver. Une jolie l\u00e9gende raconte qu\u2019en quittant le paradis, Eve aurait emport\u00e9 un fruit d\u2019or, qu\u2019elle aurait choisi d\u2019enterrer dans ce coin o\u00f9 le climat si doux et la v\u00e9g\u00e9tation si belle lui auraient rappel\u00e9 son paradis.<\/span><\/p>\n<p style=\"text-align: justify;\">Rattach\u00e9 \u00e0 Monaco de 1346 \u00e0 1848, Menton appartient ensuite \u00e0 la France et au d\u00e9partement des Alpes-maritimes et b\u00e9n\u00e9ficie d\u00e8s lors de la popularit\u00e9 de la c\u00f4te d\u2019azur qui est en pleine\u00a0effervescence, notamment gr\u00e2ce aux nombreuses t\u00eates couronn\u00e9es Britanniques et Russes qui viennent y s\u00e9journer et profiter de son climat. Apr\u00e8s la seconde guerre mondiale, la ville est est en grande partie d\u00e9vast\u00e9e, mais enti\u00e8rement reconstruite dans les ann\u00e9es 60, \u00e9poque \u00e0 laquelle elle retrouve son charme historique et devient l\u2019une des stations baln\u00e9aires les plus pris\u00e9es de la c\u00f4te d\u2019azur. Surnomm\u00e9e la \u201cperle de la France\u201d par le g\u00e9ographe\u00a0Elis\u00e9e Reclus, Menton est en effet un petit bijoux \u00e0 d\u00e9couvrir sans plus h\u00e9siter.<\/p>\n<p style=\"text-align: justify;\"><img loading=\"lazy\" decoding=\"async\" class=\"aligncenter size-full wp-image-6201\" alt=\"Rues Menton\" src=\"http:\/\/www.lespetitesjoiesdelavielondonienne.com\/wp-content\/uploads\/2014\/09\/Rues-Menton.jpg\" width=\"999\" height=\"666\" \/><\/p>\n<p style=\"text-align: justify;\"><img loading=\"lazy\" decoding=\"async\" class=\"aligncenter size-full wp-image-6200\" alt=\"Rues Menton clocher\" src=\"http:\/\/www.lespetitesjoiesdelavielondonienne.com\/wp-content\/uploads\/2014\/09\/Rues-Menton-clocher.jpg\" width=\"998\" height=\"749\" \/><\/p>\n<p style=\"text-align: justify;\"><img loading=\"lazy\" decoding=\"async\" class=\"aligncenter size-full wp-image-6191\" alt=\"Fontaine\" src=\"http:\/\/www.lespetitesjoiesdelavielondonienne.com\/wp-content\/uploads\/2014\/09\/Fontaine.jpg\" width=\"999\" height=\"666\" \/><\/p>\n<p style=\"text-align: justify;\"><img loading=\"lazy\" decoding=\"async\" class=\"aligncenter size-full wp-image-6194\" alt=\"peinture\" src=\"http:\/\/www.lespetitesjoiesdelavielondonienne.com\/wp-content\/uploads\/2014\/09\/peinture.jpg\" width=\"999\" height=\"666\" \/><\/p>\n<p style=\"text-align: justify;\"><img loading=\"lazy\" decoding=\"async\" class=\"aligncenter size-full wp-image-6204\" alt=\"Vue sur la plage\" src=\"http:\/\/www.lespetitesjoiesdelavielondonienne.com\/wp-content\/uploads\/2014\/09\/Vue-sur-la-plage.jpg\" width=\"999\" height=\"666\" \/><\/p>\n<p style=\"text-align: justify;\"><img loading=\"lazy\" decoding=\"async\" class=\"aligncenter size-full wp-image-6203\" alt=\"Volets\" src=\"http:\/\/www.lespetitesjoiesdelavielondonienne.com\/wp-content\/uploads\/2014\/09\/Volets.jpg\" width=\"999\" height=\"666\" \/><\/p>\n<p style=\"text-align: justify;\">D\u00e8s l\u2019entr\u00e9e dans la ville, son charme nous envahit, et on ne peut s\u2019emp\u00eacher d\u2019aller se perdre dans les petites ruelles, sentir l\u2019esprit de ce petit bijoux de la c\u00f4te d\u2019azur, fl\u00e2ner, immortaliser chaque pan de couleur, s\u2019impr\u00e9gner de l\u2019ambiance qu\u2019il y r\u00e8gne et prendre la pause \u00e0 chaque coin de rue. On se dit que la vie doit y \u00eatre si belle et si paisible\u2026<\/p>\n<p style=\"text-align: justify;\"><img loading=\"lazy\" decoding=\"async\" class=\"aligncenter size-full wp-image-6197\" alt=\"Rues Menton 1\" src=\"http:\/\/www.lespetitesjoiesdelavielondonienne.com\/wp-content\/uploads\/2014\/09\/Rues-Menton-1.jpg\" width=\"826\" height=\"1024\" \/><\/p>\n<p style=\"text-align: justify;\"><img loading=\"lazy\" decoding=\"async\" class=\"aligncenter size-full wp-image-6198\" alt=\"Rues Menton 2\" src=\"http:\/\/www.lespetitesjoiesdelavielondonienne.com\/wp-content\/uploads\/2014\/09\/Rues-Menton-2.jpg\" width=\"682\" height=\"1024\" \/><\/p>\n<p style=\"text-align: justify;\"><img loading=\"lazy\" decoding=\"async\" class=\"aligncenter size-full wp-image-6202\" alt=\"Volets Menton\" src=\"http:\/\/www.lespetitesjoiesdelavielondonienne.com\/wp-content\/uploads\/2014\/09\/Volets-Menton.jpg\" width=\"999\" height=\"666\" \/><\/p>\n<p style=\"text-align: justify;\"><img loading=\"lazy\" decoding=\"async\" class=\"aligncenter size-full wp-image-6199\" alt=\"Rues Menton 3\" src=\"http:\/\/www.lespetitesjoiesdelavielondonienne.com\/wp-content\/uploads\/2014\/09\/Rues-Menton-3.jpg\" width=\"747\" height=\"1024\" \/><\/p>\n<p style=\"text-align: justify;\"><img loading=\"lazy\" decoding=\"async\" class=\"aligncenter size-full wp-image-6192\" alt=\"Marche Menton\" src=\"http:\/\/www.lespetitesjoiesdelavielondonienne.com\/wp-content\/uploads\/2014\/09\/Marche-Menton.jpg\" width=\"748\" height=\"1024\" \/><\/p>\n<p style=\"text-align: justify;\"><img loading=\"lazy\" decoding=\"async\" class=\"aligncenter size-full wp-image-6195\" alt=\"Place Menton\" src=\"http:\/\/www.lespetitesjoiesdelavielondonienne.com\/wp-content\/uploads\/2014\/09\/Place-Menton.jpg\" width=\"999\" height=\"666\" \/><\/p>\n<p style=\"text-align: justify;\">\u00c0 la tomb\u00e9e de la nuit, les couleurs des b\u00e2timents se refl\u00eatent dans le ciel, la ville s\u2019endort et nous offre un coucher de soleil multicolore qui se confond dans les hauteurs du paysage. Un superbe spectacle qui cl\u00f4ture cette d\u00e9couverte de Menton en beaut\u00e9!<\/p>\n<p style=\"text-align: justify;\"><img loading=\"lazy\" decoding=\"async\" class=\"aligncenter size-full wp-image-6187\" alt=\"Coucher de soleil plage\" src=\"http:\/\/www.lespetitesjoiesdelavielondonienne.com\/wp-content\/uploads\/2014\/09\/Coucher-de-soleil-plage.jpg\" width=\"999\" height=\"666\" \/><\/p>\n<p style=\"text-align: justify;\"><img loading=\"lazy\" decoding=\"async\" class=\"aligncenter size-full wp-image-6184\" alt=\"Coucher de soleil !\" src=\"http:\/\/www.lespetitesjoiesdelavielondonienne.com\/wp-content\/uploads\/2014\/09\/Coucher-de-soleil-.jpg\" width=\"999\" height=\"983\" \/><\/p>\n<p style=\"text-align: justify;\"><img loading=\"lazy\" decoding=\"async\" class=\"aligncenter size-full wp-image-6185\" alt=\"Coucher de soleil 2\" src=\"http:\/\/www.lespetitesjoiesdelavielondonienne.com\/wp-content\/uploads\/2014\/09\/Coucher-de-soleil-2.jpg\" width=\"999\" height=\"666\" \/><\/p>\n<p style=\"text-align: justify;\"><img loading=\"lazy\" decoding=\"async\" class=\"aligncenter size-full wp-image-6186\" alt=\"Coucher de soleil 3\" src=\"http:\/\/www.lespetitesjoiesdelavielondonienne.com\/wp-content\/uploads\/2014\/09\/Coucher-de-soleil-3.jpg\" width=\"999\" height=\"666\" \/><\/p>\n<p style=\"text-align: justify;\">Une apr\u00e8s-midi \u00e0 Menton vraiment parfaite et un \u00e9norme coup de coeur pour cette jolie ville du sud est. Que la France est belle!<\/p>\n","protected":false},"excerpt":{"rendered":"<p>Pourtant originaire du sud ouest, j\u2019ai d\u00e9couvert la cote d\u2019azur pour la premi\u00e8re fois en juin&#8230;<\/p>","protected":false},"author":1,"featured_media":0,"comment_status":"open","ping_status":"open","sticky":false,"template":"","format":"standard","meta":{"_monsterinsights_skip_tracking":false,"_monsterinsights_sitenote_active":false,"_monsterinsights_sitenote_note":"","_monsterinsights_sitenote_category":0,"footnotes":""},"categories":[2678],"tags":[],"location":[],"class_list":["post-6183","post","type-post","status-publish","format-standard","hentry","category-voyages-en-france"],"translation":{"provider":"WPGlobus","version":"3.0.2","language":"en","enabled_languages":["fr","en"],"languages":{"fr":{"title":true,"content":true,"excerpt":false},"en":{"title":false,"content":false,"excerpt":false}}},"yoast_head":"<!-- This site is optimized with the Yoast SEO plugin v26.7 - https:\/\/yoast.com\/wordpress\/plugins\/seo\/ -->\n<title>Explosion de couleurs \u00e0 Menton - Les petites joies de la vie londonienne<\/title>\n<meta name=\"robots\" content=\"index, follow, max-snippet:-1, max-image-preview:large, max-video-preview:-1\" \/>\n<link rel=\"canonical\" href=\"http:\/\/www.lespetitesjoiesdelavielondonienne.com\/en\/explosion-couleurs-menton\/\" \/>\n<meta property=\"og:locale\" content=\"en_GB\" \/>\n<meta property=\"og:type\" content=\"article\" \/>\n<meta property=\"og:title\" content=\"Explosion de couleurs \u00e0 Menton - Les petites joies de la vie londonienne\" \/>\n<meta property=\"og:url\" content=\"http:\/\/www.lespetitesjoiesdelavielondonienne.com\/en\/explosion-couleurs-menton\/\" \/>\n<meta property=\"og:site_name\" content=\"Les petites joies de la vie londonienne\" \/>\n<meta property=\"article:publisher\" content=\"http:\/\/facebook.com\/lespetitesjoiesdelavielondoni%e2%80%a6\" \/>\n<meta property=\"article:published_time\" content=\"2014-09-22T23:00:55+00:00\" \/>\n<meta property=\"article:modified_time\" content=\"2018-07-13T07:50:35+00:00\" \/>\n<meta property=\"og:image\" content=\"http:\/\/www.lespetitesjoiesdelavielondonienne.com\/wp-content\/uploads\/2014\/09\/Facades-Menton.jpg\" \/>\n<meta name=\"author\" content=\"Elodie\" \/>\n<meta name=\"twitter:label1\" content=\"Written by\" \/>\n\t<meta name=\"twitter:data1\" content=\"Elodie\" \/>\n\t<meta name=\"twitter:label2\" content=\"Est. reading time\" \/>\n\t<meta name=\"twitter:data2\" content=\"3 minutes\" \/>\n<script type=\"application\/ld+json\" class=\"yoast-schema-graph\">{\"@context\":\"https:\/\/schema.org\",\"@graph\":[{\"@type\":\"Article\",\"@id\":\"http:\/\/www.lespetitesjoiesdelavielondonienne.com\/en\/explosion-couleurs-menton\/#article\",\"isPartOf\":{\"@id\":\"http:\/\/www.lespetitesjoiesdelavielondonienne.com\/en\/explosion-couleurs-menton\/\"},\"author\":{\"name\":\"Elodie\",\"@id\":\"https:\/\/www.lespetitesjoiesdelavielondonienne.com\/en\/#\/schema\/person\/2eed35f0aac099445e89940d9e5c9bc8\"},\"headline\":\"Explosion de couleurs \u00e0 Menton\",\"datePublished\":\"2014-09-22T23:00:55+00:00\",\"dateModified\":\"2018-07-13T07:50:35+00:00\",\"mainEntityOfPage\":{\"@id\":\"http:\/\/www.lespetitesjoiesdelavielondonienne.com\/en\/explosion-couleurs-menton\/\"},\"wordCount\":609,\"commentCount\":0,\"publisher\":{\"@id\":\"https:\/\/www.lespetitesjoiesdelavielondonienne.com\/en\/#organization\"},\"image\":{\"@id\":\"http:\/\/www.lespetitesjoiesdelavielondonienne.com\/en\/explosion-couleurs-menton\/#primaryimage\"},\"thumbnailUrl\":\"http:\/\/www.lespetitesjoiesdelavielondonienne.com\/wp-content\/uploads\/2014\/09\/Facades-Menton.jpg\",\"articleSection\":[\"Voyages en France\"],\"inLanguage\":\"en-GB\",\"potentialAction\":[{\"@type\":\"CommentAction\",\"name\":\"Comment\",\"target\":[\"http:\/\/www.lespetitesjoiesdelavielondonienne.com\/en\/explosion-couleurs-menton\/#respond\"]}]},{\"@type\":\"WebPage\",\"@id\":\"http:\/\/www.lespetitesjoiesdelavielondonienne.com\/en\/explosion-couleurs-menton\/\",\"url\":\"http:\/\/www.lespetitesjoiesdelavielondonienne.com\/en\/explosion-couleurs-menton\/\",\"name\":\"Explosion de couleurs \u00e0 Menton - Les petites joies de la vie londonienne\",\"isPartOf\":{\"@id\":\"https:\/\/www.lespetitesjoiesdelavielondonienne.com\/en\/#website\"},\"primaryImageOfPage\":{\"@id\":\"http:\/\/www.lespetitesjoiesdelavielondonienne.com\/en\/explosion-couleurs-menton\/#primaryimage\"},\"image\":{\"@id\":\"http:\/\/www.lespetitesjoiesdelavielondonienne.com\/en\/explosion-couleurs-menton\/#primaryimage\"},\"thumbnailUrl\":\"http:\/\/www.lespetitesjoiesdelavielondonienne.com\/wp-content\/uploads\/2014\/09\/Facades-Menton.jpg\",\"datePublished\":\"2014-09-22T23:00:55+00:00\",\"dateModified\":\"2018-07-13T07:50:35+00:00\",\"description\":\"Pourtant originaire du sud ouest, j\u2019ai d\u00e9couvert la cote d\u2019azur pour la premi\u00e8re fois en juin dernier, et autant dire que je ne savais plus o\u00f9 donner de\",\"breadcrumb\":{\"@id\":\"http:\/\/www.lespetitesjoiesdelavielondonienne.com\/en\/explosion-couleurs-menton\/#breadcrumb\"},\"inLanguage\":\"en-GB\",\"potentialAction\":[{\"@type\":\"ReadAction\",\"target\":[\"http:\/\/www.lespetitesjoiesdelavielondonienne.com\/en\/explosion-couleurs-menton\/\"]}]},{\"@type\":\"ImageObject\",\"inLanguage\":\"en-GB\",\"@id\":\"http:\/\/www.lespetitesjoiesdelavielondonienne.com\/en\/explosion-couleurs-menton\/#primaryimage\",\"url\":\"http:\/\/www.lespetitesjoiesdelavielondonienne.com\/wp-content\/uploads\/2014\/09\/Facades-Menton.jpg\",\"contentUrl\":\"http:\/\/www.lespetitesjoiesdelavielondonienne.com\/wp-content\/uploads\/2014\/09\/Facades-Menton.jpg\"},{\"@type\":\"BreadcrumbList\",\"@id\":\"http:\/\/www.lespetitesjoiesdelavielondonienne.com\/en\/explosion-couleurs-menton\/#breadcrumb\",\"itemListElement\":[{\"@type\":\"ListItem\",\"position\":1,\"name\":\"Home\",\"item\":\"https:\/\/www.lespetitesjoiesdelavielondonienne.com\/en\/\"},{\"@type\":\"ListItem\",\"position\":2,\"name\":\"Travels\",\"item\":\"https:\/\/www.lespetitesjoiesdelavielondonienne.com\/en\/Travels\/\"},{\"@type\":\"ListItem\",\"position\":3,\"name\":\"Voyages en France\",\"item\":\"https:\/\/www.lespetitesjoiesdelavielondonienne.com\/voyages\/voyages-en-france\/\"},{\"@type\":\"ListItem\",\"position\":4,\"name\":\"Explosion de couleurs \u00e0 Menton\"}]},{\"@type\":\"WebSite\",\"@id\":\"https:\/\/www.lespetitesjoiesdelavielondonienne.com\/en\/#website\",\"url\":\"https:\/\/www.lespetitesjoiesdelavielondonienne.com\/en\/\",\"name\":\"Les petites joies de la vie londonienne\",\"description\":\"London lifestyle and French expat life\",\"publisher\":{\"@id\":\"https:\/\/www.lespetitesjoiesdelavielondonienne.com\/en\/#organization\"},\"potentialAction\":[{\"@type\":\"SearchAction\",\"target\":{\"@type\":\"EntryPoint\",\"urlTemplate\":\"https:\/\/www.lespetitesjoiesdelavielondonienne.com\/en\/?s={search_term_string}\"},\"query-input\":{\"@type\":\"PropertyValueSpecification\",\"valueRequired\":true,\"valueName\":\"search_term_string\"}}],\"inLanguage\":\"en-GB\"},{\"@type\":\"Organization\",\"@id\":\"https:\/\/www.lespetitesjoiesdelavielondonienne.com\/en\/#organization\",\"name\":\"Les petites joies de la vie londonienne\",\"url\":\"https:\/\/www.lespetitesjoiesdelavielondonienne.com\/en\/\",\"logo\":{\"@type\":\"ImageObject\",\"inLanguage\":\"en-GB\",\"@id\":\"https:\/\/www.lespetitesjoiesdelavielondonienne.com\/en\/#\/schema\/logo\/image\/\",\"url\":\"http:\/\/www.lespetitesjoiesdelavielondonienne.com\/wp-content\/uploads\/2017\/07\/header-logo.png\",\"contentUrl\":\"http:\/\/www.lespetitesjoiesdelavielondonienne.com\/wp-content\/uploads\/2017\/07\/header-logo.png\",\"width\":405,\"height\":282,\"caption\":\"Les petites joies de la vie londonienne\"},\"image\":{\"@id\":\"https:\/\/www.lespetitesjoiesdelavielondonienne.com\/en\/#\/schema\/logo\/image\/\"},\"sameAs\":[\"http:\/\/facebook.com\/lespetitesjoiesdelavielondoni\u2026\",\"https:\/\/x.com\/elodie_ldn\",\"http:\/\/instagram.com\/elodie_london\/\"]},{\"@type\":\"Person\",\"@id\":\"https:\/\/www.lespetitesjoiesdelavielondonienne.com\/en\/#\/schema\/person\/2eed35f0aac099445e89940d9e5c9bc8\",\"name\":\"Elodie\",\"image\":{\"@type\":\"ImageObject\",\"inLanguage\":\"en-GB\",\"@id\":\"https:\/\/www.lespetitesjoiesdelavielondonienne.com\/en\/#\/schema\/person\/image\/\",\"url\":\"https:\/\/secure.gravatar.com\/avatar\/7e83970a952fbc504124150f6435f9d5?s=96&d=mm&r=g\",\"contentUrl\":\"https:\/\/secure.gravatar.com\/avatar\/7e83970a952fbc504124150f6435f9d5?s=96&d=mm&r=g\",\"caption\":\"Elodie\"},\"description\":\"Expatri\u00e9e \u00e0 Londres depuis plus de 7 ans je profite et partage des \\\"petites joies\\\" que la vie londonienne et vie d'expat ont \u00e0 offrir. La semaine, je travaille en Marketing Digital, certains soirs et week-end, je suis professeur de yoga, le reste du temps, j'alimente le blog avec toujours autant de plaisir. Ce blog est \u00e0 l'image de ce rythme: Dynamique, yin et yang, f\u00e9minin et Londonien.\",\"sameAs\":[\"http:\/\/www.lespetitesjoiesdelavielondonienne.com\"]}]}<\/script>\n<!-- \/ Yoast SEO plugin. -->","yoast_head_json":{"title":"Explosion de couleurs \u00e0 Menton - Les petites joies de la vie londonienne","robots":{"index":"index","follow":"follow","max-snippet":"max-snippet:-1","max-image-preview":"max-image-preview:large","max-video-preview":"max-video-preview:-1"},"canonical":"http:\/\/www.lespetitesjoiesdelavielondonienne.com\/en\/explosion-couleurs-menton\/","og_locale":"en_GB","og_type":"article","og_title":"Explosion de couleurs \u00e0 Menton - Les petites joies de la vie londonienne","og_url":"http:\/\/www.lespetitesjoiesdelavielondonienne.com\/en\/explosion-couleurs-menton\/","og_site_name":"Les petites joies de la vie londonienne","article_publisher":"http:\/\/facebook.com\/lespetitesjoiesdelavielondoni%e2%80%a6","article_published_time":"2014-09-22T23:00:55+00:00","article_modified_time":"2018-07-13T07:50:35+00:00","og_image":[{"url":"http:\/\/www.lespetitesjoiesdelavielondonienne.com\/wp-content\/uploads\/2014\/09\/Facades-Menton.jpg","type":"","width":"","height":""}],"author":"Elodie","twitter_misc":{"Written by":"Elodie","Est. reading time":"3 minutes"},"schema":{"@context":"https:\/\/schema.org","@graph":[{"@type":"Article","@id":"http:\/\/www.lespetitesjoiesdelavielondonienne.com\/en\/explosion-couleurs-menton\/#article","isPartOf":{"@id":"http:\/\/www.lespetitesjoiesdelavielondonienne.com\/en\/explosion-couleurs-menton\/"},"author":{"name":"Elodie","@id":"https:\/\/www.lespetitesjoiesdelavielondonienne.com\/en\/#\/schema\/person\/2eed35f0aac099445e89940d9e5c9bc8"},"headline":"Explosion de couleurs \u00e0 Menton","datePublished":"2014-09-22T23:00:55+00:00","dateModified":"2018-07-13T07:50:35+00:00","mainEntityOfPage":{"@id":"http:\/\/www.lespetitesjoiesdelavielondonienne.com\/en\/explosion-couleurs-menton\/"},"wordCount":609,"commentCount":0,"publisher":{"@id":"https:\/\/www.lespetitesjoiesdelavielondonienne.com\/en\/#organization"},"image":{"@id":"http:\/\/www.lespetitesjoiesdelavielondonienne.com\/en\/explosion-couleurs-menton\/#primaryimage"},"thumbnailUrl":"http:\/\/www.lespetitesjoiesdelavielondonienne.com\/wp-content\/uploads\/2014\/09\/Facades-Menton.jpg","articleSection":["Voyages en France"],"inLanguage":"en-GB","potentialAction":[{"@type":"CommentAction","name":"Comment","target":["http:\/\/www.lespetitesjoiesdelavielondonienne.com\/en\/explosion-couleurs-menton\/#respond"]}]},{"@type":"WebPage","@id":"http:\/\/www.lespetitesjoiesdelavielondonienne.com\/en\/explosion-couleurs-menton\/","url":"http:\/\/www.lespetitesjoiesdelavielondonienne.com\/en\/explosion-couleurs-menton\/","name":"Explosion de couleurs \u00e0 Menton - Les petites joies de la vie londonienne","isPartOf":{"@id":"https:\/\/www.lespetitesjoiesdelavielondonienne.com\/en\/#website"},"primaryImageOfPage":{"@id":"http:\/\/www.lespetitesjoiesdelavielondonienne.com\/en\/explosion-couleurs-menton\/#primaryimage"},"image":{"@id":"http:\/\/www.lespetitesjoiesdelavielondonienne.com\/en\/explosion-couleurs-menton\/#primaryimage"},"thumbnailUrl":"http:\/\/www.lespetitesjoiesdelavielondonienne.com\/wp-content\/uploads\/2014\/09\/Facades-Menton.jpg","datePublished":"2014-09-22T23:00:55+00:00","dateModified":"2018-07-13T07:50:35+00:00","description":"Pourtant originaire du sud ouest, j\u2019ai d\u00e9couvert la cote d\u2019azur pour la premi\u00e8re fois en juin dernier, et autant dire que je ne savais plus o\u00f9 donner de","breadcrumb":{"@id":"http:\/\/www.lespetitesjoiesdelavielondonienne.com\/en\/explosion-couleurs-menton\/#breadcrumb"},"inLanguage":"en-GB","potentialAction":[{"@type":"ReadAction","target":["http:\/\/www.lespetitesjoiesdelavielondonienne.com\/en\/explosion-couleurs-menton\/"]}]},{"@type":"ImageObject","inLanguage":"en-GB","@id":"http:\/\/www.lespetitesjoiesdelavielondonienne.com\/en\/explosion-couleurs-menton\/#primaryimage","url":"http:\/\/www.lespetitesjoiesdelavielondonienne.com\/wp-content\/uploads\/2014\/09\/Facades-Menton.jpg","contentUrl":"http:\/\/www.lespetitesjoiesdelavielondonienne.com\/wp-content\/uploads\/2014\/09\/Facades-Menton.jpg"},{"@type":"BreadcrumbList","@id":"http:\/\/www.lespetitesjoiesdelavielondonienne.com\/en\/explosion-couleurs-menton\/#breadcrumb","itemListElement":[{"@type":"ListItem","position":1,"name":"Home","item":"https:\/\/www.lespetitesjoiesdelavielondonienne.com\/en\/"},{"@type":"ListItem","position":2,"name":"Travels","item":"https:\/\/www.lespetitesjoiesdelavielondonienne.com\/en\/Travels\/"},{"@type":"ListItem","position":3,"name":"Voyages en France","item":"https:\/\/www.lespetitesjoiesdelavielondonienne.com\/voyages\/voyages-en-france\/"},{"@type":"ListItem","position":4,"name":"Explosion de couleurs \u00e0 Menton"}]},{"@type":"WebSite","@id":"https:\/\/www.lespetitesjoiesdelavielondonienne.com\/en\/#website","url":"https:\/\/www.lespetitesjoiesdelavielondonienne.com\/en\/","name":"Les petites joies de la vie londonienne","description":"London lifestyle and French expat life","publisher":{"@id":"https:\/\/www.lespetitesjoiesdelavielondonienne.com\/en\/#organization"},"potentialAction":[{"@type":"SearchAction","target":{"@type":"EntryPoint","urlTemplate":"https:\/\/www.lespetitesjoiesdelavielondonienne.com\/en\/?s={search_term_string}"},"query-input":{"@type":"PropertyValueSpecification","valueRequired":true,"valueName":"search_term_string"}}],"inLanguage":"en-GB"},{"@type":"Organization","@id":"https:\/\/www.lespetitesjoiesdelavielondonienne.com\/en\/#organization","name":"Les petites joies de la vie londonienne","url":"https:\/\/www.lespetitesjoiesdelavielondonienne.com\/en\/","logo":{"@type":"ImageObject","inLanguage":"en-GB","@id":"https:\/\/www.lespetitesjoiesdelavielondonienne.com\/en\/#\/schema\/logo\/image\/","url":"http:\/\/www.lespetitesjoiesdelavielondonienne.com\/wp-content\/uploads\/2017\/07\/header-logo.png","contentUrl":"http:\/\/www.lespetitesjoiesdelavielondonienne.com\/wp-content\/uploads\/2017\/07\/header-logo.png","width":405,"height":282,"caption":"Les petites joies de la vie londonienne"},"image":{"@id":"https:\/\/www.lespetitesjoiesdelavielondonienne.com\/en\/#\/schema\/logo\/image\/"},"sameAs":["http:\/\/facebook.com\/lespetitesjoiesdelavielondoni\u2026","https:\/\/x.com\/elodie_ldn","http:\/\/instagram.com\/elodie_london\/"]},{"@type":"Person","@id":"https:\/\/www.lespetitesjoiesdelavielondonienne.com\/en\/#\/schema\/person\/2eed35f0aac099445e89940d9e5c9bc8","name":"Elodie","image":{"@type":"ImageObject","inLanguage":"en-GB","@id":"https:\/\/www.lespetitesjoiesdelavielondonienne.com\/en\/#\/schema\/person\/image\/","url":"https:\/\/secure.gravatar.com\/avatar\/7e83970a952fbc504124150f6435f9d5?s=96&d=mm&r=g","contentUrl":"https:\/\/secure.gravatar.com\/avatar\/7e83970a952fbc504124150f6435f9d5?s=96&d=mm&r=g","caption":"Elodie"},"description":"Expatri\u00e9e \u00e0 Londres depuis plus de 7 ans je profite et partage des \"petites joies\" que la vie londonienne et vie d'expat ont \u00e0 offrir. La semaine, je travaille en Marketing Digital, certains soirs et week-end, je suis professeur de yoga, le reste du temps, j'alimente le blog avec toujours autant de plaisir. Ce blog est \u00e0 l'image de ce rythme: Dynamique, yin et yang, f\u00e9minin et Londonien.","sameAs":["http:\/\/www.lespetitesjoiesdelavielondonienne.com"]}]}},"_links":{"self":[{"href":"http:\/\/www.lespetitesjoiesdelavielondonienne.com\/en\/wp-json\/wp\/v2\/posts\/6183","targetHints":{"allow":["GET"]}}],"collection":[{"href":"http:\/\/www.lespetitesjoiesdelavielondonienne.com\/en\/wp-json\/wp\/v2\/posts"}],"about":[{"href":"http:\/\/www.lespetitesjoiesdelavielondonienne.com\/en\/wp-json\/wp\/v2\/types\/post"}],"author":[{"embeddable":true,"href":"http:\/\/www.lespetitesjoiesdelavielondonienne.com\/en\/wp-json\/wp\/v2\/users\/1"}],"replies":[{"embeddable":true,"href":"http:\/\/www.lespetitesjoiesdelavielondonienne.com\/en\/wp-json\/wp\/v2\/comments?post=6183"}],"version-history":[{"count":0,"href":"http:\/\/www.lespetitesjoiesdelavielondonienne.com\/en\/wp-json\/wp\/v2\/posts\/6183\/revisions"}],"wp:attachment":[{"href":"http:\/\/www.lespetitesjoiesdelavielondonienne.com\/en\/wp-json\/wp\/v2\/media?parent=6183"}],"wp:term":[{"taxonomy":"category","embeddable":true,"href":"http:\/\/www.lespetitesjoiesdelavielondonienne.com\/en\/wp-json\/wp\/v2\/categories?post=6183"},{"taxonomy":"post_tag","embeddable":true,"href":"http:\/\/www.lespetitesjoiesdelavielondonienne.com\/en\/wp-json\/wp\/v2\/tags?post=6183"},{"taxonomy":"location","embeddable":true,"href":"http:\/\/www.lespetitesjoiesdelavielondonienne.com\/en\/wp-json\/wp\/v2\/location?post=6183"}],"curies":[{"name":"wp","href":"https:\/\/api.w.org\/{rel}","templated":true}]}}